{"id":1733,"date":"2015-04-07T14:30:00","date_gmt":"2015-04-07T14:30:00","guid":{"rendered":"https:\/\/saloanoticias.mrmediaweb.com\/v1\/2015\/04\/07\/camara-aprova-mocao-de-pesames-pela-morte-de-artur-ferreira-maciel\/"},"modified":"2015-04-07T14:30:00","modified_gmt":"2015-04-07T14:30:00","slug":"camara-aprova-mocao-de-pesames-pela-morte-de-artur-ferreira-maciel","status":"publish","type":"post","link":"https:\/\/www.saloanoticias.com\/v1\/camara-aprova-mocao-de-pesames-pela-morte-de-artur-ferreira-maciel\/","title":{"rendered":"C\u00c2MARA APROVA MO\u00c7\u00c3O DE P\u00caSAMES PELA MORTE DE ARTUR FERREIRA"},"content":{"rendered":"<p align=\"justify\"><font size=\"3\" face=\"Arial\"><a href=\"http:\/\/www.saloanoticias.com\/images\/cmara-de-salo-vereadores_fee814ab0a2c349ec3ca365b2acf387e.jpg\"><img loading=\"lazy\" decoding=\"async\" title=\"C&acirc;mara de Salo&aacute; Vereadores\" style=\"border-left-width: 0px; border-right-width: 0px; background-image: none; border-bottom-width: 0px; float: left; padding-top: 0px; padding-left: 0px; margin: 5px 5px 10px 0px; display: inline; padding-right: 0px; border-top-width: 0px\" border=\"0\" alt=\"C&acirc;mara de Salo&aacute; Vereadores\" src=\"http:\/\/www.saloanoticias.com\/v1\/wp-content\/uploads\/imagens\/cmara-de-salo-vereadores_thumb_22372d7675d9fe4288b0b429fe03575b.jpg\" width=\"262\" align=\"left\" height=\"175\"><\/a>A c\u00e2mara dos vereadores de Salo\u00e1 se reuniu na semana passada em mais uma sess\u00e3o ordin\u00e1ria. Um dos pontos da pauta foi a aprova\u00e7\u00e3o de uma mo\u00e7\u00e3o de p\u00easame em mem\u00f3ria do saudoso, Sr. Artur Ferreira Maciel, falecido na semana passada por complica\u00e7\u00f5es da idade. Artur sempre era uma das figuras certas ao lado do ex-prefeito Ant\u00f4nio Ricardo durante as campanhas pol\u00edticas no munic\u00edpio e por isso, de alguma forma fazia parte do cen\u00e1rio pol\u00edtico local.<\/font><\/p>\n<p align=\"justify\"><font size=\"3\" face=\"Arial\">O documento foi assinado pelos vereadores e bastante reconhecido por todos. Artur \u00e9 pai do secret\u00e1rio do atual governo, Manoel de Artur.<\/font><\/p>\n<div style=\"margin-top: 0px; margin-bottom: 0px;\" class=\"sharethis-inline-share-buttons\" ><\/div>","protected":false},"excerpt":{"rendered":"<p>A c\u00e2mara dos vereadores de Salo\u00e1 se reuniu na semana passada em mais uma sess\u00e3o ordin\u00e1ria. Um dos pontos da pauta foi a aprova\u00e7\u00e3o de uma mo\u00e7\u00e3o de p\u00easame em mem\u00f3ria do saudoso, Sr. Artur Ferreira Maciel, falecido na semana passada por complica\u00e7\u00f5es da idade. Artur sempre era uma das figuras certas ao lado do [&hellip;]<\/p>\n","protected":false},"author":1,"featured_media":0,"comment_status":"open","ping_status":"open","sticky":false,"template":"","format":"standard","meta":{"footnotes":""},"categories":[2],"tags":[],"class_list":["post-1733","post","type-post","status-publish","format-standard","hentry","category-noticias-do-dia"],"_links":{"self":[{"href":"https:\/\/www.saloanoticias.com\/v1\/wp-json\/wp\/v2\/posts\/1733","targetHints":{"allow":["GET"]}}],"collection":[{"href":"https:\/\/www.saloanoticias.com\/v1\/wp-json\/wp\/v2\/posts"}],"about":[{"href":"https:\/\/www.saloanoticias.com\/v1\/wp-json\/wp\/v2\/types\/post"}],"author":[{"embeddable":true,"href":"https:\/\/www.saloanoticias.com\/v1\/wp-json\/wp\/v2\/users\/1"}],"replies":[{"embeddable":true,"href":"https:\/\/www.saloanoticias.com\/v1\/wp-json\/wp\/v2\/comments?post=1733"}],"version-history":[{"count":0,"href":"https:\/\/www.saloanoticias.com\/v1\/wp-json\/wp\/v2\/posts\/1733\/revisions"}],"wp:attachment":[{"href":"https:\/\/www.saloanoticias.com\/v1\/wp-json\/wp\/v2\/media?parent=1733"}],"wp:term":[{"taxonomy":"category","embeddable":true,"href":"https:\/\/www.saloanoticias.com\/v1\/wp-json\/wp\/v2\/categories?post=1733"},{"taxonomy":"post_tag","embeddable":true,"href":"https:\/\/www.saloanoticias.com\/v1\/wp-json\/wp\/v2\/tags?post=1733"}],"curies":[{"name":"wp","href":"https:\/\/api.w.org\/{rel}","templated":true}]}}