{"id":1732,"date":"2015-04-06T15:00:00","date_gmt":"2015-04-06T15:00:00","guid":{"rendered":"https:\/\/saloanoticias.mrmediaweb.com\/v1\/2015\/04\/06\/prefeito-e-vereadores-visitam-o-monsenhor-joao-marques\/"},"modified":"2015-04-06T15:00:00","modified_gmt":"2015-04-06T15:00:00","slug":"prefeito-e-vereadores-visitam-o-monsenhor-joao-marques","status":"publish","type":"post","link":"https:\/\/www.saloanoticias.com\/v1\/prefeito-e-vereadores-visitam-o-monsenhor-joao-marques\/","title":{"rendered":"PREFEITO E VEREADORES DE SALO\u00c1 FORAM VISITAR O MONSENHOR JO\u00c3O MARQUES"},"content":{"rendered":"<p align=\"justify\"><font size=\"3\" face=\"Arial\"><a href=\"http:\/\/www.saloanoticias.com\/images\/prefeitura-de-salo_576c1b25e1529d30e9c3eee0bab02c92.jpg\"><img loading=\"lazy\" decoding=\"async\" title=\"Prefeitura de Salo&aacute;\" style=\"border-left-width: 0px; border-right-width: 0px; background-image: none; border-bottom-width: 0px; float: none; padding-top: 0px; padding-left: 0px; margin: 0px auto 10px; display: block; padding-right: 0px; border-top-width: 0px\" border=\"0\" alt=\"Prefeitura de Salo&aacute;\" src=\"http:\/\/www.saloanoticias.com\/v1\/wp-content\/uploads\/imagens\/prefeitura-de-salo_thumb_9fe23dafcb88e04978e0c65dc6e7c110.jpg\" width=\"581\" height=\"438\"><\/a>O prefeito de Salo\u00e1 e alguns vereadores estiveram visitando a EREM Monsenhor Jo\u00e3o Marques e, puderam ver in loco, as dificuldades enfrentadas pela institui\u00e7\u00e3o em rela\u00e7\u00e3o a manuten\u00e7\u00e3o do pr\u00e9dio. Os pol\u00edticos foram recebidos pelo gestor da escola, Sr. Jos\u00e9 Maria, que vem fazendo um bom trabalho \u00e0 frente da EREM. Jos\u00e9 Maria mostrou as depend\u00eancia da casa de ensino m\u00e9dio e pediu que as autoridades providenciassem seguran\u00e7a nas proximidades, pois, pessoas mal intencionadas tem pulado os muros e praticado desordem.<\/font><\/p>\n<p align=\"justify\"><font size=\"3\" face=\"Arial\">Os vereadores Ferreirinha, Barba e Ronaldinho observaram atentamente as reivindica\u00e7\u00f5es do gestor e garantiram apoio que fosse poss\u00edvel e dependesse da c\u00e2mara. <\/font><font size=\"3\" face=\"Arial\">Ricardo Alves se sentiu sensibilizado \u00e0 quest\u00e3o da escola e tamb\u00e9m se disse a disposi\u00e7\u00e3o. Jos\u00e9 Maria ainda agradeceu \u00e0 prefeitura pela aten\u00e7\u00e3o dada aos alunos no transporte escolar. Nas palavras do prefeito, ajudar os saloaenses \u00e9 prioridade em seu governo, e, vai sempre estar presente aos convites a ele feitos, principalmente \u00e0s escolas.<\/font><\/p>\n<div style=\"margin-top: 0px; margin-bottom: 0px;\" class=\"sharethis-inline-share-buttons\" ><\/div>","protected":false},"excerpt":{"rendered":"<p>O prefeito de Salo\u00e1 e alguns vereadores estiveram visitando a EREM Monsenhor Jo\u00e3o Marques e, puderam ver in loco, as dificuldades enfrentadas pela institui\u00e7\u00e3o em rela\u00e7\u00e3o a manuten\u00e7\u00e3o do pr\u00e9dio. Os pol\u00edticos foram recebidos pelo gestor da escola, Sr. Jos\u00e9 Maria, que vem fazendo um bom trabalho \u00e0 frente da EREM. Jos\u00e9 Maria mostrou as [&hellip;]<\/p>\n","protected":false},"author":1,"featured_media":0,"comment_status":"open","ping_status":"open","sticky":false,"template":"","format":"standard","meta":{"footnotes":""},"categories":[2],"tags":[],"class_list":["post-1732","post","type-post","status-publish","format-standard","hentry","category-noticias-do-dia"],"_links":{"self":[{"href":"https:\/\/www.saloanoticias.com\/v1\/wp-json\/wp\/v2\/posts\/1732","targetHints":{"allow":["GET"]}}],"collection":[{"href":"https:\/\/www.saloanoticias.com\/v1\/wp-json\/wp\/v2\/posts"}],"about":[{"href":"https:\/\/www.saloanoticias.com\/v1\/wp-json\/wp\/v2\/types\/post"}],"author":[{"embeddable":true,"href":"https:\/\/www.saloanoticias.com\/v1\/wp-json\/wp\/v2\/users\/1"}],"replies":[{"embeddable":true,"href":"https:\/\/www.saloanoticias.com\/v1\/wp-json\/wp\/v2\/comments?post=1732"}],"version-history":[{"count":0,"href":"https:\/\/www.saloanoticias.com\/v1\/wp-json\/wp\/v2\/posts\/1732\/revisions"}],"wp:attachment":[{"href":"https:\/\/www.saloanoticias.com\/v1\/wp-json\/wp\/v2\/media?parent=1732"}],"wp:term":[{"taxonomy":"category","embeddable":true,"href":"https:\/\/www.saloanoticias.com\/v1\/wp-json\/wp\/v2\/categories?post=1732"},{"taxonomy":"post_tag","embeddable":true,"href":"https:\/\/www.saloanoticias.com\/v1\/wp-json\/wp\/v2\/tags?post=1732"}],"curies":[{"name":"wp","href":"https:\/\/api.w.org\/{rel}","templated":true}]}}