{"id":1730,"date":"2015-04-04T18:00:00","date_gmt":"2015-04-04T18:00:00","guid":{"rendered":"https:\/\/saloanoticias.mrmediaweb.com\/v1\/2015\/04\/04\/nota-de-falecimento-maria-ventinha\/"},"modified":"2015-04-04T18:00:00","modified_gmt":"2015-04-04T18:00:00","slug":"nota-de-falecimento-maria-ventinha","status":"publish","type":"post","link":"https:\/\/www.saloanoticias.com\/v1\/nota-de-falecimento-maria-ventinha\/","title":{"rendered":"NOTA DE FALECIMENTO  &#8211;  MARIA VENTINHA"},"content":{"rendered":"<p align=\"justify\"><font size=\"3\" face=\"Arial\"><a href=\"http:\/\/www.saloanoticias.com\/images\/nota-de-falecimento_2b1b0a2a6525aa62720f0960868cc1db.png\"><img loading=\"lazy\" decoding=\"async\" title=\"Nota de Falecimento\" style=\"border-top: 0px; border-right: 0px; background-image: none; border-bottom: 0px; float: left; padding-top: 0px; padding-left: 0px; margin: 5px 5px 0px 0px; border-left: 0px; display: inline; padding-right: 0px\" border=\"0\" alt=\"Nota de Falecimento\" src=\"http:\/\/www.saloanoticias.com\/v1\/wp-content\/uploads\/imagens\/nota-de-falecimento_thumb_88c7f1feb7ab79a241e19706ef38e223.png\" width=\"269\" align=\"left\" height=\"168\"><\/a>Faleceu na manh\u00e3 deste S\u00e1bado (04), S\u00e1bado de Aleluia, a Sr.\u00aa Maria Correia da Silva, mais conhecida por Maria Ventinha. Maria tinha 92 anos de idade, e faleceu em sua resid\u00eancia, que fica localizada na rua Dom Expedito Lopes (pr\u00f3ximo ao mercado de Man\u00e9 Gracindo), por volta das 7:00h da manh\u00e3. O enterro est\u00e1 marcado para acontecer neste Domingo \u00e0s 8:00h da manh\u00e3, no cemit\u00e9rio Santa Quit\u00e9ria, em Salo\u00e1. <\/font><font size=\"3\" face=\"Arial\">A fam\u00edlia enlutada agradece a todos que comparecerem a este ato de f\u00e9 e irmandade crist\u00e3. Fonte&nbsp; &#8211;&nbsp; Blog do Wellington Freitas.<\/font><\/p>\n<div style=\"margin-top: 0px; margin-bottom: 0px;\" class=\"sharethis-inline-share-buttons\" ><\/div>","protected":false},"excerpt":{"rendered":"<p>Faleceu na manh\u00e3 deste S\u00e1bado (04), S\u00e1bado de Aleluia, a Sr.\u00aa Maria Correia da Silva, mais conhecida por Maria Ventinha. Maria tinha 92 anos de idade, e faleceu em sua resid\u00eancia, que fica localizada na rua Dom Expedito Lopes (pr\u00f3ximo ao mercado de Man\u00e9 Gracindo), por volta das 7:00h da manh\u00e3. O enterro est\u00e1 marcado [&hellip;]<\/p>\n","protected":false},"author":1,"featured_media":0,"comment_status":"open","ping_status":"open","sticky":false,"template":"","format":"standard","meta":{"footnotes":""},"categories":[2],"tags":[],"class_list":["post-1730","post","type-post","status-publish","format-standard","hentry","category-noticias-do-dia"],"_links":{"self":[{"href":"https:\/\/www.saloanoticias.com\/v1\/wp-json\/wp\/v2\/posts\/1730","targetHints":{"allow":["GET"]}}],"collection":[{"href":"https:\/\/www.saloanoticias.com\/v1\/wp-json\/wp\/v2\/posts"}],"about":[{"href":"https:\/\/www.saloanoticias.com\/v1\/wp-json\/wp\/v2\/types\/post"}],"author":[{"embeddable":true,"href":"https:\/\/www.saloanoticias.com\/v1\/wp-json\/wp\/v2\/users\/1"}],"replies":[{"embeddable":true,"href":"https:\/\/www.saloanoticias.com\/v1\/wp-json\/wp\/v2\/comments?post=1730"}],"version-history":[{"count":0,"href":"https:\/\/www.saloanoticias.com\/v1\/wp-json\/wp\/v2\/posts\/1730\/revisions"}],"wp:attachment":[{"href":"https:\/\/www.saloanoticias.com\/v1\/wp-json\/wp\/v2\/media?parent=1730"}],"wp:term":[{"taxonomy":"category","embeddable":true,"href":"https:\/\/www.saloanoticias.com\/v1\/wp-json\/wp\/v2\/categories?post=1730"},{"taxonomy":"post_tag","embeddable":true,"href":"https:\/\/www.saloanoticias.com\/v1\/wp-json\/wp\/v2\/tags?post=1730"}],"curies":[{"name":"wp","href":"https:\/\/api.w.org\/{rel}","templated":true}]}}