{"id":1729,"date":"2015-04-03T20:00:00","date_gmt":"2015-04-03T20:00:00","guid":{"rendered":"https:\/\/saloanoticias.mrmediaweb.com\/v1\/2015\/04\/03\/cavalgada-de-aleluia-acontece-neste-sabado-4\/"},"modified":"2015-04-03T20:00:00","modified_gmt":"2015-04-03T20:00:00","slug":"cavalgada-de-aleluia-acontece-neste-sabado-4","status":"publish","type":"post","link":"https:\/\/www.saloanoticias.com\/v1\/cavalgada-de-aleluia-acontece-neste-sabado-4\/","title":{"rendered":"CAVALGADA DE ALELUIA ACONTECE NESTE S\u00c1BADO (4)"},"content":{"rendered":"<p align=\"justify\"><font size=\"3\" face=\"Arial\"><a href=\"http:\/\/www.saloanoticias.com\/images\/salo-notcias-8_971d5d290f521e04b07f50ed38e5a0af.jpg\"><img loading=\"lazy\" decoding=\"async\" title=\"Salo&aacute; Not&iacute;cias 8\" style=\"border-top: 0px; border-right: 0px; background-image: none; border-bottom: 0px; float: left; padding-top: 0px; padding-left: 0px; margin: 5px 5px 10px 0px; border-left: 0px; display: inline; padding-right: 0px\" border=\"0\" alt=\"Salo&aacute; Not&iacute;cias 8\" src=\"http:\/\/www.saloanoticias.com\/v1\/wp-content\/uploads\/imagens\/salo-notcias-8_thumb_18ad240fbf639da85c3644139c322fba.jpg\" width=\"212\" align=\"left\" height=\"175\"><\/a>Neste s\u00e1bado de aleluia as cidades de Bom Conselho e Salo\u00e1, estar\u00e3o em conex\u00e3o com a III Cavalgada da Aleluia,.O evento vai acontecer no S\u00e1bado de Aleluia, dia 04 de abril. Ser\u00e3o 25 quil\u00f4metros de percurso, com dois bate celas. <\/font><font size=\"3\" face=\"Arial\">A cavalgada tem in\u00edcio previsto para as 18 horas, com concentra\u00e7\u00e3o no Parque de Exposi\u00e7\u00e3o Dr. Delam\u00e1rio Borba. \u00c0s 19 horas, est\u00e1 prevista a ben\u00e7\u00e3o dos cavaleiros e amazonas na capela do Col\u00e9gio Nossa Senhora do Bom Conselho. Em seguida, os participantes iniciam o percurso com destino a cidade de Salo\u00e1.<\/font> <\/p>\n<p align=\"justify\"><font size=\"3\" face=\"Arial\">A cavalgada deve reunir um n\u00famero expressivo de participantes. A expectativa \u00e9 de que cavaleiros e amazonas de Bom Conselho, Salo\u00e1 e cidades vizinhas participem do evento. <\/font><font size=\"3\" face=\"Arial\">Este ano o evento vem com muitas novidades entre elas, n\u00e3o ter\u00e1 blusas deixando assim os Cavaleiros e Amazonas a seu estilo. <\/font><font size=\"3\" face=\"Arial\">O evento \u00e9 promovido pelo Blog Agreste Mix e amigos.<\/font> <\/p>\n<p align=\"justify\"><b><font size=\"3\" face=\"Arial\"><\/font><\/b> <\/p>\n<p align=\"center\"><b><font size=\"3\" face=\"Arial\"><font size=\"5\">Programa\u00e7\u00e3o da III Cavalgada da Aleluia<\/font>&nbsp; <\/font><\/b> <\/p>\n<p align=\"center\"><font size=\"3\" face=\"Arial\">Sa\u00edda de Salo\u00e1 com destino a Bom Conselho a partir das 16h00min do Curral do Gado.<\/font> <\/p>\n<p align=\"center\"><font size=\"3\" face=\"Arial\">Sa\u00edda de Bom Conselho as 18h00min, passando pela Avenida, Pra\u00e7a Pedro II e recebendo a ben\u00e7\u00e3o da M\u00e3e do Bom Conselho no Col\u00e9gio Nossa Senhora do Bom Conselho, em seguida seguiremos com destino a Salo\u00e1.<\/font> <\/p>\n<p align=\"center\"><font face=\"Arial\"><font size=\"3\"><b>1\u00ba Bate Sela: <\/b>Na Vila Barbosa munic\u00edpio de Terezinha, inicio as 19h00min, com a celebra\u00e7\u00e3o da Aleluia, em seguida muito forro P\u00e9 de Serra com um trio el\u00e9trico, at\u00e9 a chegada dos cavaleiros e amazonas.<\/font><\/font> <\/p>\n<p align=\"center\"><font face=\"Arial\"><font size=\"3\"><b>2\u00ba Bate Sela:<\/b> Na entrada de Salo\u00e1, onde os cavaleiros e amazonas receber\u00e3o os estandartes da Aleluia. Onde seguir\u00e3o com destino a Pra\u00e7a S\u00e3o Vicente, e o Padre Adriano e toda comunidade estar\u00e3o recebendo os cavaleiros e amazonas com muita alegria.<\/font><\/font><\/p>\n<div style=\"margin-top: 0px; margin-bottom: 0px;\" class=\"sharethis-inline-share-buttons\" ><\/div>","protected":false},"excerpt":{"rendered":"<p>Neste s\u00e1bado de aleluia as cidades de Bom Conselho e Salo\u00e1, estar\u00e3o em conex\u00e3o com a III Cavalgada da Aleluia,.O evento vai acontecer no S\u00e1bado de Aleluia, dia 04 de abril. Ser\u00e3o 25 quil\u00f4metros de percurso, com dois bate celas. A cavalgada tem in\u00edcio previsto para as 18 horas, com concentra\u00e7\u00e3o no Parque de Exposi\u00e7\u00e3o [&hellip;]<\/p>\n","protected":false},"author":1,"featured_media":0,"comment_status":"open","ping_status":"open","sticky":false,"template":"","format":"standard","meta":{"footnotes":""},"categories":[2],"tags":[],"class_list":["post-1729","post","type-post","status-publish","format-standard","hentry","category-noticias-do-dia"],"_links":{"self":[{"href":"https:\/\/www.saloanoticias.com\/v1\/wp-json\/wp\/v2\/posts\/1729","targetHints":{"allow":["GET"]}}],"collection":[{"href":"https:\/\/www.saloanoticias.com\/v1\/wp-json\/wp\/v2\/posts"}],"about":[{"href":"https:\/\/www.saloanoticias.com\/v1\/wp-json\/wp\/v2\/types\/post"}],"author":[{"embeddable":true,"href":"https:\/\/www.saloanoticias.com\/v1\/wp-json\/wp\/v2\/users\/1"}],"replies":[{"embeddable":true,"href":"https:\/\/www.saloanoticias.com\/v1\/wp-json\/wp\/v2\/comments?post=1729"}],"version-history":[{"count":0,"href":"https:\/\/www.saloanoticias.com\/v1\/wp-json\/wp\/v2\/posts\/1729\/revisions"}],"wp:attachment":[{"href":"https:\/\/www.saloanoticias.com\/v1\/wp-json\/wp\/v2\/media?parent=1729"}],"wp:term":[{"taxonomy":"category","embeddable":true,"href":"https:\/\/www.saloanoticias.com\/v1\/wp-json\/wp\/v2\/categories?post=1729"},{"taxonomy":"post_tag","embeddable":true,"href":"https:\/\/www.saloanoticias.com\/v1\/wp-json\/wp\/v2\/tags?post=1729"}],"curies":[{"name":"wp","href":"https:\/\/api.w.org\/{rel}","templated":true}]}}