{"id":1728,"date":"2015-04-03T02:32:44","date_gmt":"2015-04-03T02:32:44","guid":{"rendered":"https:\/\/saloanoticias.mrmediaweb.com\/v1\/2015\/04\/03\/filho-de-alkimin-morre-em-acidente-aereo\/"},"modified":"2015-04-03T02:32:44","modified_gmt":"2015-04-03T02:32:44","slug":"filho-de-alkimin-morre-em-acidente-aereo","status":"publish","type":"post","link":"https:\/\/www.saloanoticias.com\/v1\/filho-de-alkimin-morre-em-acidente-aereo\/","title":{"rendered":"FILHO DE GERALDO ALCKIMIN MORREU EM ACIDENTE A\u00c9REO EM S\u00c3O PAULO"},"content":{"rendered":"<p align=\"justify\"><font size=\"3\" face=\"Arial\"><a href=\"http:\/\/www.saloanoticias.com\/images\/foto_9623e671d93d8b497a81de1b01932569.jpg\"><img loading=\"lazy\" decoding=\"async\" title=\"foto\" style=\"border-top: 0px; border-right: 0px; background-image: none; border-bottom: 0px; float: left; padding-top: 0px; padding-left: 0px; margin: 5px 5px 0px 0px; border-left: 0px; display: inline; padding-right: 0px\" border=\"0\" alt=\"foto\" src=\"http:\/\/www.saloanoticias.com\/v1\/wp-content\/uploads\/imagens\/foto_thumb_3cc7d3c5087e908520f5ab07da5897f5.jpg\" width=\"238\" align=\"left\" height=\"225\"><\/a>Thomaz Alckmin, filho do governador de S\u00e3o Paulo, <\/font><a href=\"http:\/\/epoca.globo.com\/?s=Geraldo%20Alckmin\"><font size=\"3\" face=\"Arial\">Geraldo Alckmin<\/font><\/a><font size=\"3\" face=\"Arial\"> (PSDB), morreu na tarde desta quinta-feira (2), no acidente de helic\u00f3ptero em Carapicu\u00edba, na Grande S\u00e3o Paulo. Thomaz estava na aeronave que caiu sobre uma casa. Al\u00e9m dele, havia outras quatro pessoas no helic\u00f3ptero. Todas morreram. <\/font><font size=\"3\" face=\"Arial\">Thomaz, filho mais novo do governador Geraldo Alckmin, tinha 31 anos. Ele era casado desde 2011 com a arquiteta Thais Fantato. Ele deixa duas filhas \u2013 uma menina de 10 anos e uma beb\u00ea de dois meses.<\/font> <\/p>\n<p align=\"justify\"><font size=\"3\" face=\"Arial\">Thomaz era piloto de helic\u00f3ptero, com forma\u00e7\u00e3o para pilotar aeronaves do modelo Esquilo. Segundo as informa\u00e7\u00f5es divulgadas pela empresa Seripatri, a aeronave era comandada por outro piloto e os outros tr\u00eas funcion\u00e1rios a bordo eram mec\u00e2nicos. O voo era um voo de teste, ap\u00f3s manuten\u00e7\u00e3o preventiva. Testemunhas afirmam que uma das p\u00e1s da h\u00e9lice do aparelho se soltaram. Fonte \u2013 \u00c9poca<\/font><\/p>\n<div style=\"margin-top: 0px; margin-bottom: 0px;\" class=\"sharethis-inline-share-buttons\" ><\/div>","protected":false},"excerpt":{"rendered":"<p>Thomaz Alckmin, filho do governador de S\u00e3o Paulo, Geraldo Alckmin (PSDB), morreu na tarde desta quinta-feira (2), no acidente de helic\u00f3ptero em Carapicu\u00edba, na Grande S\u00e3o Paulo. Thomaz estava na aeronave que caiu sobre uma casa. Al\u00e9m dele, havia outras quatro pessoas no helic\u00f3ptero. Todas morreram. Thomaz, filho mais novo do governador Geraldo Alckmin, tinha [&hellip;]<\/p>\n","protected":false},"author":1,"featured_media":0,"comment_status":"open","ping_status":"open","sticky":false,"template":"","format":"standard","meta":{"footnotes":""},"categories":[2],"tags":[],"class_list":["post-1728","post","type-post","status-publish","format-standard","hentry","category-noticias-do-dia"],"_links":{"self":[{"href":"https:\/\/www.saloanoticias.com\/v1\/wp-json\/wp\/v2\/posts\/1728","targetHints":{"allow":["GET"]}}],"collection":[{"href":"https:\/\/www.saloanoticias.com\/v1\/wp-json\/wp\/v2\/posts"}],"about":[{"href":"https:\/\/www.saloanoticias.com\/v1\/wp-json\/wp\/v2\/types\/post"}],"author":[{"embeddable":true,"href":"https:\/\/www.saloanoticias.com\/v1\/wp-json\/wp\/v2\/users\/1"}],"replies":[{"embeddable":true,"href":"https:\/\/www.saloanoticias.com\/v1\/wp-json\/wp\/v2\/comments?post=1728"}],"version-history":[{"count":0,"href":"https:\/\/www.saloanoticias.com\/v1\/wp-json\/wp\/v2\/posts\/1728\/revisions"}],"wp:attachment":[{"href":"https:\/\/www.saloanoticias.com\/v1\/wp-json\/wp\/v2\/media?parent=1728"}],"wp:term":[{"taxonomy":"category","embeddable":true,"href":"https:\/\/www.saloanoticias.com\/v1\/wp-json\/wp\/v2\/categories?post=1728"},{"taxonomy":"post_tag","embeddable":true,"href":"https:\/\/www.saloanoticias.com\/v1\/wp-json\/wp\/v2\/tags?post=1728"}],"curies":[{"name":"wp","href":"https:\/\/api.w.org\/{rel}","templated":true}]}}