{"id":1727,"date":"2015-04-02T15:00:00","date_gmt":"2015-04-02T15:00:00","guid":{"rendered":"https:\/\/saloanoticias.mrmediaweb.com\/v1\/2015\/04\/02\/populacao-recebe-peixe-na-semana-santa-em-saloa\/"},"modified":"2015-04-02T15:00:00","modified_gmt":"2015-04-02T15:00:00","slug":"populacao-recebe-peixe-na-semana-santa-em-saloa","status":"publish","type":"post","link":"https:\/\/www.saloanoticias.com\/v1\/populacao-recebe-peixe-na-semana-santa-em-saloa\/","title":{"rendered":"POPULA\u00c7\u00c3O RECEBEU O PEIXE DA SEMANA SANTA EM SALO\u00c1"},"content":{"rendered":"<p align=\"justify\"><font size=\"3\" face=\"Arial\"><a href=\"http:\/\/www.saloanoticias.com\/images\/salo-notcias_df77c826f8f2853eac024cf304b48515.jpg\"><img loading=\"lazy\" decoding=\"async\" title=\"Salo&aacute; Not&iacute;cias\" style=\"border-left-width: 0px; border-right-width: 0px; background-image: none; border-bottom-width: 0px; float: none; padding-top: 0px; padding-left: 0px; margin: 0px auto 10px; display: block; padding-right: 0px; border-top-width: 0px\" border=\"0\" alt=\"Salo&aacute; Not&iacute;cias\" src=\"http:\/\/www.saloanoticias.com\/v1\/wp-content\/uploads\/imagens\/salo-notcias_thumb_0614dd2e0d440e666ef965a781a62f86.jpg\" width=\"546\" height=\"430\"><\/a>Nesta quarta-feira (1) toda as equipes da SMAS, Secret\u00e1ria de Obras, Transportes, Guarda municipal estiveram empenhados na distribui\u00e7\u00e3o dos peixes da semana santa. <\/font><font size=\"3\" face=\"Arial\">Foram distribu\u00eddos na sede do munic\u00edpio, no Distrito de Iatec\u00e1, Povoado Serrinha da Prata, S\u00e3o Serafim e Gigante como tamb\u00e9m algumas outras localidades da zona rural. <\/font><font size=\"3\" face=\"Arial\">Pelo terceiro ano consecutivo \u00e0 prefeitura de Salo\u00e1, est\u00e1 ofertando para a popula\u00e7\u00e3o&nbsp; mais carente da cidade, povoados e zona rural o peixe da Semana Santa. S\u00e3o 15 mil quilos de peixes entregues pela equipe do governo municipal.<\/font>  <\/p>\n<p align=\"justify\"><a href=\"http:\/\/www.saloanoticias.com\/images\/dsc_7016_d14d2ab3261ed0403c0eb6241294980e.jpg\"><img loading=\"lazy\" decoding=\"async\" title=\"DSC_7016\" style=\"border-left-width: 0px; border-right-width: 0px; background-image: none; border-bottom-width: 0px; float: none; padding-top: 0px; padding-left: 0px; margin: 10px auto; display: block; padding-right: 0px; border-top-width: 0px\" border=\"0\" alt=\"DSC_7016\" src=\"http:\/\/www.saloanoticias.com\/v1\/wp-content\/uploads\/imagens\/dsc_7016_thumb_0114bb4f5ccfd97a2b874618b12f647b.jpg\" width=\"547\" height=\"365\"><\/a><font size=\"3\" face=\"Arial\">\u201cComo \u00e9 uma cultura das fam\u00edlias, comer apenas peixe na semana santa ao lado dos seus familiares, e por entender que, muitas fam\u00edlias ainda passam por dificuldades financeiras,&nbsp; principalmente este ano que os aumentos de pre\u00e7os dos&nbsp; g\u00eaneros aliment\u00edcios diminu\u00edram o poder de compra da popula\u00e7\u00e3o nacional. <\/font><font size=\"3\" face=\"Arial\">Fiz um esfor\u00e7o para manter essa a\u00e7\u00e3o em que o nosso governo h\u00e1 tr\u00eas anos vem garantindo o peixe na mesa dos que mais precisam. S\u00e3o a\u00e7\u00f5es como esta que me enchem de alegria e vontade de continuar trabalhando junto a minha equipe de governo para beneficiar o povo e melhorar a qualidade de vida da nossa gente\u201d, declarou o prefeito Ricardo Alves. Com informa\u00e7\u00f5es do blog Agreste Mix.<\/font><\/p>\n<div style=\"margin-top: 0px; margin-bottom: 0px;\" class=\"sharethis-inline-share-buttons\" ><\/div>","protected":false},"excerpt":{"rendered":"<p>Nesta quarta-feira (1) toda as equipes da SMAS, Secret\u00e1ria de Obras, Transportes, Guarda municipal estiveram empenhados na distribui\u00e7\u00e3o dos peixes da semana santa. Foram distribu\u00eddos na sede do munic\u00edpio, no Distrito de Iatec\u00e1, Povoado Serrinha da Prata, S\u00e3o Serafim e Gigante como tamb\u00e9m algumas outras localidades da zona rural. Pelo terceiro ano consecutivo \u00e0 prefeitura [&hellip;]<\/p>\n","protected":false},"author":1,"featured_media":0,"comment_status":"open","ping_status":"open","sticky":false,"template":"","format":"standard","meta":{"footnotes":""},"categories":[2],"tags":[],"class_list":["post-1727","post","type-post","status-publish","format-standard","hentry","category-noticias-do-dia"],"_links":{"self":[{"href":"https:\/\/www.saloanoticias.com\/v1\/wp-json\/wp\/v2\/posts\/1727","targetHints":{"allow":["GET"]}}],"collection":[{"href":"https:\/\/www.saloanoticias.com\/v1\/wp-json\/wp\/v2\/posts"}],"about":[{"href":"https:\/\/www.saloanoticias.com\/v1\/wp-json\/wp\/v2\/types\/post"}],"author":[{"embeddable":true,"href":"https:\/\/www.saloanoticias.com\/v1\/wp-json\/wp\/v2\/users\/1"}],"replies":[{"embeddable":true,"href":"https:\/\/www.saloanoticias.com\/v1\/wp-json\/wp\/v2\/comments?post=1727"}],"version-history":[{"count":0,"href":"https:\/\/www.saloanoticias.com\/v1\/wp-json\/wp\/v2\/posts\/1727\/revisions"}],"wp:attachment":[{"href":"https:\/\/www.saloanoticias.com\/v1\/wp-json\/wp\/v2\/media?parent=1727"}],"wp:term":[{"taxonomy":"category","embeddable":true,"href":"https:\/\/www.saloanoticias.com\/v1\/wp-json\/wp\/v2\/categories?post=1727"},{"taxonomy":"post_tag","embeddable":true,"href":"https:\/\/www.saloanoticias.com\/v1\/wp-json\/wp\/v2\/tags?post=1727"}],"curies":[{"name":"wp","href":"https:\/\/api.w.org\/{rel}","templated":true}]}}