{"id":1725,"date":"2015-04-03T11:00:00","date_gmt":"2015-04-03T11:00:00","guid":{"rendered":"https:\/\/saloanoticias.mrmediaweb.com\/v1\/2015\/04\/03\/ze-do-padre-sai-em-defesa-do-prefeito-de-saloa\/"},"modified":"2015-04-03T11:00:00","modified_gmt":"2015-04-03T11:00:00","slug":"ze-do-padre-sai-em-defesa-do-prefeito-de-saloa","status":"publish","type":"post","link":"https:\/\/www.saloanoticias.com\/v1\/ze-do-padre-sai-em-defesa-do-prefeito-de-saloa\/","title":{"rendered":"Z\u00c9 DO PADRE SAIU EM DEFESA DO PREFEITO DE SALO\u00c1 EM AUDI\u00caNCIA P\u00daBLICA"},"content":{"rendered":"<p align=\"justify\"><font size=\"3\" face=\"Arial\"><a href=\"http:\/\/www.saloanoticias.com\/images\/prefeitura-de-salo_f689f6125575beb8009fbeddef7967a8.jpg\"><img loading=\"lazy\" decoding=\"async\" title=\"Prefeitura de Salo&aacute;\" style=\"border-left-width: 0px; border-right-width: 0px; background-image: none; border-bottom-width: 0px; float: none; padding-top: 0px; padding-left: 0px; margin: 0px auto 10px; display: block; padding-right: 0px; border-top-width: 0px\" border=\"0\" alt=\"Prefeitura de Salo&aacute;\" src=\"http:\/\/www.saloanoticias.com\/v1\/wp-content\/uploads\/imagens\/prefeitura-de-salo_thumb_76d443b30c6cd4a39f2cf5ab2f128ffa.jpg\" width=\"521\" height=\"391\"><\/a>O presidente do STR de Salo\u00e1, Sr. Jos\u00e9 Ferreira, tamb\u00e9m conhecido por Z\u00e9 do Padre, esteve presente na audi\u00eancia p\u00fablica que aconteceu na \u00faltima sexta-feira, 27 de mar\u00e7o de 2015, nas depend\u00eancia da nova creche de Salo\u00e1 e, sem perder tempo saiu em defesa do prefeito Ricardo (PMDB). Z\u00e9 do Padre destacou as in\u00fameras obras que est\u00e3o sendo realizadas em todos os recantos da cidade e observou a boa parceria entre prefeitura municipal e sindicato. \u201cNunca precisei da prefeitura para levar um n\u00e3o\u201d, disse Z\u00e9.<\/font><\/p>\n<p align=\"justify\"><font size=\"3\" face=\"Arial\">Ele ainda falou que algumas pessoas fazem cr\u00edticas \u00e0 gest\u00e3o do prefeito, mas, quando tem oportunidade de falar em um momento como aquele, n\u00e3o tem coragem de mostrar a cara. <\/font><font size=\"3\" face=\"Arial\">o presidente do STR foi bastante aplaudido no final do seu discurso e enfatizou ainda que apoia a atual gest\u00e3o, que vem desenvolvendo uma excelente gest\u00e3o, umas das melhores da hist\u00f3ria.<\/font><\/p>\n<div style=\"margin-top: 0px; margin-bottom: 0px;\" class=\"sharethis-inline-share-buttons\" ><\/div>","protected":false},"excerpt":{"rendered":"<p>O presidente do STR de Salo\u00e1, Sr. Jos\u00e9 Ferreira, tamb\u00e9m conhecido por Z\u00e9 do Padre, esteve presente na audi\u00eancia p\u00fablica que aconteceu na \u00faltima sexta-feira, 27 de mar\u00e7o de 2015, nas depend\u00eancia da nova creche de Salo\u00e1 e, sem perder tempo saiu em defesa do prefeito Ricardo (PMDB). Z\u00e9 do Padre destacou as in\u00fameras obras [&hellip;]<\/p>\n","protected":false},"author":1,"featured_media":0,"comment_status":"open","ping_status":"open","sticky":false,"template":"","format":"standard","meta":{"footnotes":""},"categories":[2],"tags":[],"class_list":["post-1725","post","type-post","status-publish","format-standard","hentry","category-noticias-do-dia"],"_links":{"self":[{"href":"https:\/\/www.saloanoticias.com\/v1\/wp-json\/wp\/v2\/posts\/1725","targetHints":{"allow":["GET"]}}],"collection":[{"href":"https:\/\/www.saloanoticias.com\/v1\/wp-json\/wp\/v2\/posts"}],"about":[{"href":"https:\/\/www.saloanoticias.com\/v1\/wp-json\/wp\/v2\/types\/post"}],"author":[{"embeddable":true,"href":"https:\/\/www.saloanoticias.com\/v1\/wp-json\/wp\/v2\/users\/1"}],"replies":[{"embeddable":true,"href":"https:\/\/www.saloanoticias.com\/v1\/wp-json\/wp\/v2\/comments?post=1725"}],"version-history":[{"count":0,"href":"https:\/\/www.saloanoticias.com\/v1\/wp-json\/wp\/v2\/posts\/1725\/revisions"}],"wp:attachment":[{"href":"https:\/\/www.saloanoticias.com\/v1\/wp-json\/wp\/v2\/media?parent=1725"}],"wp:term":[{"taxonomy":"category","embeddable":true,"href":"https:\/\/www.saloanoticias.com\/v1\/wp-json\/wp\/v2\/categories?post=1725"},{"taxonomy":"post_tag","embeddable":true,"href":"https:\/\/www.saloanoticias.com\/v1\/wp-json\/wp\/v2\/tags?post=1725"}],"curies":[{"name":"wp","href":"https:\/\/api.w.org\/{rel}","templated":true}]}}