{"id":1723,"date":"2015-04-04T11:00:00","date_gmt":"2015-04-04T11:00:00","guid":{"rendered":"https:\/\/saloanoticias.mrmediaweb.com\/v1\/2015\/04\/04\/paulo-camara-podera-vir-a-saloa-nos-proximos-meses\/"},"modified":"2015-04-04T11:00:00","modified_gmt":"2015-04-04T11:00:00","slug":"paulo-camara-podera-vir-a-saloa-nos-proximos-meses","status":"publish","type":"post","link":"https:\/\/www.saloanoticias.com\/v1\/paulo-camara-podera-vir-a-saloa-nos-proximos-meses\/","title":{"rendered":"PAULO C\u00c2MARA PODER\u00c1 VIR \u00c0 SALO\u00c1 NOS PR\u00d3XIMOS MESES"},"content":{"rendered":"<p align=\"justify\"><font size=\"3\" face=\"Arial\"><a href=\"http:\/\/www.saloanoticias.com\/images\/am01-3_db9cfcc48465cdac88b167b5445c69b0.jpg\"><img loading=\"lazy\" decoding=\"async\" title=\"am01 (3)\" style=\"border-left-width: 0px; border-right-width: 0px; background-image: none; border-bottom-width: 0px; float: none; padding-top: 0px; padding-left: 0px; margin: 0px auto 10px; display: block; padding-right: 0px; border-top-width: 0px\" border=\"0\" alt=\"am01 (3)\" src=\"http:\/\/www.saloanoticias.com\/v1\/wp-content\/uploads\/imagens\/am01-3_thumb_5667c41262614a7cc693d07809a41466.jpg\" width=\"564\" height=\"374\"><\/a>O governador Paulo C\u00e2mara (PSB) poder\u00e1 vir a Salo\u00e1 nos pr\u00f3ximos meses. A informa\u00e7\u00e3o foi repassada por assessores da atual gest\u00e3o municipal. Segundo a nossa fonte, o governado vir\u00e1 inaugurar a EREM Monsenhor Jo\u00e3o Marques e outras obras que tiveram recursos provenientes do governo estadual, como por exemplo, o cal\u00e7amento da Cohab Nova. Al\u00e9m dos compromissos pol\u00edticos o&nbsp; l\u00edder pernambucano deve fazer uma visita ao seu amigo Ricardo Alves (PMDB), que permaneceu fiel ao grupo estadual que foi formado pelo ex-governador Eduardo Campos.<\/font><\/p>\n<p align=\"justify\"><font size=\"3\" face=\"Arial\">Caso seja confirmada a visita, al\u00e9m de C\u00e2mara, dever\u00e3o estar na cidade secret\u00e1rios de governo e outras autoridades, entre elas, o secret\u00e1rio estadual de planejamento e gest\u00e3o, Danilo Cabral.<\/font><\/p>\n<div style=\"margin-top: 0px; margin-bottom: 0px;\" class=\"sharethis-inline-share-buttons\" ><\/div>","protected":false},"excerpt":{"rendered":"<p>O governador Paulo C\u00e2mara (PSB) poder\u00e1 vir a Salo\u00e1 nos pr\u00f3ximos meses. A informa\u00e7\u00e3o foi repassada por assessores da atual gest\u00e3o municipal. Segundo a nossa fonte, o governado vir\u00e1 inaugurar a EREM Monsenhor Jo\u00e3o Marques e outras obras que tiveram recursos provenientes do governo estadual, como por exemplo, o cal\u00e7amento da Cohab Nova. Al\u00e9m dos [&hellip;]<\/p>\n","protected":false},"author":1,"featured_media":0,"comment_status":"open","ping_status":"open","sticky":false,"template":"","format":"standard","meta":{"footnotes":""},"categories":[2],"tags":[],"class_list":["post-1723","post","type-post","status-publish","format-standard","hentry","category-noticias-do-dia"],"_links":{"self":[{"href":"https:\/\/www.saloanoticias.com\/v1\/wp-json\/wp\/v2\/posts\/1723","targetHints":{"allow":["GET"]}}],"collection":[{"href":"https:\/\/www.saloanoticias.com\/v1\/wp-json\/wp\/v2\/posts"}],"about":[{"href":"https:\/\/www.saloanoticias.com\/v1\/wp-json\/wp\/v2\/types\/post"}],"author":[{"embeddable":true,"href":"https:\/\/www.saloanoticias.com\/v1\/wp-json\/wp\/v2\/users\/1"}],"replies":[{"embeddable":true,"href":"https:\/\/www.saloanoticias.com\/v1\/wp-json\/wp\/v2\/comments?post=1723"}],"version-history":[{"count":0,"href":"https:\/\/www.saloanoticias.com\/v1\/wp-json\/wp\/v2\/posts\/1723\/revisions"}],"wp:attachment":[{"href":"https:\/\/www.saloanoticias.com\/v1\/wp-json\/wp\/v2\/media?parent=1723"}],"wp:term":[{"taxonomy":"category","embeddable":true,"href":"https:\/\/www.saloanoticias.com\/v1\/wp-json\/wp\/v2\/categories?post=1723"},{"taxonomy":"post_tag","embeddable":true,"href":"https:\/\/www.saloanoticias.com\/v1\/wp-json\/wp\/v2\/tags?post=1723"}],"curies":[{"name":"wp","href":"https:\/\/api.w.org\/{rel}","templated":true}]}}