{"id":1722,"date":"2015-04-01T14:00:00","date_gmt":"2015-04-01T14:00:00","guid":{"rendered":"https:\/\/saloanoticias.mrmediaweb.com\/v1\/2015\/04\/01\/governador-estara-em-garanhuns\/"},"modified":"2015-04-01T14:00:00","modified_gmt":"2015-04-01T14:00:00","slug":"governador-estara-em-garanhuns","status":"publish","type":"post","link":"https:\/\/www.saloanoticias.com\/v1\/governador-estara-em-garanhuns\/","title":{"rendered":"GOVERNADOR ESTAR\u00c1 EM GARANHUNS"},"content":{"rendered":"<p align=\"justify\"><font size=\"3\" face=\"Arial\"><a href=\"http:\/\/www.saloanoticias.com\/images\/paulo-cmara_f0e9d487c3d6037f8d9b1ac65c404764.jpg\"><img loading=\"lazy\" decoding=\"async\" title=\"Paulo C&acirc;mara\" style=\"border-top: 0px; border-right: 0px; background-image: none; border-bottom: 0px; float: none; padding-top: 0px; padding-left: 0px; margin: 0px auto 10px; border-left: 0px; display: block; padding-right: 0px\" border=\"0\" alt=\"Paulo C&acirc;mara\" src=\"http:\/\/www.saloanoticias.com\/v1\/wp-content\/uploads\/imagens\/paulo-cmara_thumb_4eb9afffa59b397efd5707b6b04daad8.jpg\" width=\"447\" height=\"387\"><\/a>Est\u00e1 confirmada a presen\u00e7a do governador Paulo C\u00e2mara em Garanhuns no dia 10 de abril, para comandar mais um semin\u00e1rio ouvindo as lideran\u00e7as municipais. O encontro ser\u00e1 no Hotel Tavares Correia e o presidente do PSB de Garanhuns, Ivan Rodrigues, chega nesta quarta-feira \u00e0 cidade para organizar as atividades. <\/font><font size=\"3\" face=\"Arial\">Os prefeitos devem apresentar uma penca de pedidos ao socialista, principalmente referentes \u00e0 quest\u00e3o do abastecimento d\u00b4\u00e1gua j\u00e1 que a coisa t\u00e1 feia na maioria dos munic\u00edpios.<\/font><\/p>\n<div style=\"margin-top: 0px; margin-bottom: 0px;\" class=\"sharethis-inline-share-buttons\" ><\/div>","protected":false},"excerpt":{"rendered":"<p>Est\u00e1 confirmada a presen\u00e7a do governador Paulo C\u00e2mara em Garanhuns no dia 10 de abril, para comandar mais um semin\u00e1rio ouvindo as lideran\u00e7as municipais. O encontro ser\u00e1 no Hotel Tavares Correia e o presidente do PSB de Garanhuns, Ivan Rodrigues, chega nesta quarta-feira \u00e0 cidade para organizar as atividades. Os prefeitos devem apresentar uma penca [&hellip;]<\/p>\n","protected":false},"author":1,"featured_media":0,"comment_status":"open","ping_status":"open","sticky":false,"template":"","format":"standard","meta":{"footnotes":""},"categories":[2],"tags":[],"class_list":["post-1722","post","type-post","status-publish","format-standard","hentry","category-noticias-do-dia"],"_links":{"self":[{"href":"https:\/\/www.saloanoticias.com\/v1\/wp-json\/wp\/v2\/posts\/1722","targetHints":{"allow":["GET"]}}],"collection":[{"href":"https:\/\/www.saloanoticias.com\/v1\/wp-json\/wp\/v2\/posts"}],"about":[{"href":"https:\/\/www.saloanoticias.com\/v1\/wp-json\/wp\/v2\/types\/post"}],"author":[{"embeddable":true,"href":"https:\/\/www.saloanoticias.com\/v1\/wp-json\/wp\/v2\/users\/1"}],"replies":[{"embeddable":true,"href":"https:\/\/www.saloanoticias.com\/v1\/wp-json\/wp\/v2\/comments?post=1722"}],"version-history":[{"count":0,"href":"https:\/\/www.saloanoticias.com\/v1\/wp-json\/wp\/v2\/posts\/1722\/revisions"}],"wp:attachment":[{"href":"https:\/\/www.saloanoticias.com\/v1\/wp-json\/wp\/v2\/media?parent=1722"}],"wp:term":[{"taxonomy":"category","embeddable":true,"href":"https:\/\/www.saloanoticias.com\/v1\/wp-json\/wp\/v2\/categories?post=1722"},{"taxonomy":"post_tag","embeddable":true,"href":"https:\/\/www.saloanoticias.com\/v1\/wp-json\/wp\/v2\/tags?post=1722"}],"curies":[{"name":"wp","href":"https:\/\/api.w.org\/{rel}","templated":true}]}}