{"id":1721,"date":"2015-03-31T23:58:28","date_gmt":"2015-03-31T23:58:28","guid":{"rendered":"https:\/\/saloanoticias.mrmediaweb.com\/v1\/2015\/03\/31\/provas-do-concurso-de-saloa-foram-adiadas\/"},"modified":"2015-03-31T23:58:28","modified_gmt":"2015-03-31T23:58:28","slug":"provas-do-concurso-de-saloa-foram-adiadas","status":"publish","type":"post","link":"https:\/\/www.saloanoticias.com\/v1\/provas-do-concurso-de-saloa-foram-adiadas\/","title":{"rendered":"PROVAS DO \u201cCONCURSO DE SALO\u00c1\u201d FORAM ADIADAS"},"content":{"rendered":"<p align=\"justify\"><font size=\"3\" face=\"Arial\"><a href=\"http:\/\/www.saloanoticias.com\/images\/salo-notcias-foto_96fdc89368a64220064ff8c36989f828.jpg\"><img loading=\"lazy\" decoding=\"async\" title=\"Salo&aacute; Not&iacute;cias foto\" style=\"border-top: 0px; border-right: 0px; background-image: none; border-bottom: 0px; float: left; padding-top: 0px; padding-left: 0px; margin: 5px 5px 0px 0px; border-left: 0px; display: inline; padding-right: 0px\" border=\"0\" alt=\"Salo&aacute; Not&iacute;cias foto\" align=\"left\" src=\"http:\/\/www.saloanoticias.com\/v1\/wp-content\/uploads\/imagens\/salo-notcias-foto_thumb_0fd674d234c762a5fb5bb7cd670b120d.jpg\" width=\"244\" height=\"216\"><\/a>DO BLOG DO CARLOS EUG\u00caNIO&nbsp; &#8211;&nbsp; As provas objetivas do Concurso da Prefeitura de Salo\u00e1 que aconteceriam no pr\u00f3ximo domingo, dia 5, foram adiadas. <\/font><font size=\"3\" face=\"Arial\">Atrav\u00e9s da 3\u00aa Retifica\u00e7\u00e3o do Edital do Certame, publicado no site do Instituto Adm&amp;Tec (organizadora do Concurso) a Prefeitura informou que as provas ser\u00e3o realizadas nos dias 18 e 19 de abril no munic\u00edpio de Salo\u00e1 e regi\u00f5es adjacentes. No dia 18, das 15 \u00e0s 18 horas, acontecer\u00e3o as provas para os cargos de N\u00edvel Fundamental. J\u00e1 no domingo, dia 19, das 8 \u00e0s 11 horas, ser\u00e3o promovidas as provas do N\u00edvel Superior e das 15 \u00e0s 18 horas para os cargos de N\u00edvel M\u00e9dio.<\/font><\/p>\n<p align=\"justify\"><font size=\"3\" face=\"Arial\">Outra mudan\u00e7a se refere \u00e0 entrega de t\u00edtulos. \u00c9 que agora o candidato poder\u00e1 entregar documenta\u00e7\u00e3o complementar referente \u00e0 prova de t\u00edtulos pessoalmente no momento de realiza\u00e7\u00e3o da prova objetiva. O Instituto Adm&amp;Tec tamb\u00e9m registra que \u201co candidato que apresentar qualquer impedimento de realiza\u00e7\u00e3o da prova objetiva no s\u00e1bado, dia 18\/04\/2015, por motivos religiosos, dever\u00e1 apresentar uma declara\u00e7\u00e3o do seu l\u00edder religioso com firma reconhecida no dia da prova para que seja realizado o procedimento adequado de atendimento especial de aplica\u00e7\u00e3o da prova ap\u00f3s as 18h\u201d.<\/font> <\/p>\n<p align=\"justify\"><font size=\"3\" face=\"Arial\">Com a mudan\u00e7a dos dias das provas, todo o cronograma do certame tamb\u00e9m sofre modifica\u00e7\u00f5es. A divulga\u00e7\u00e3o do gabarito preliminar das provas objetivas ser\u00e1 no dia 19 de abril. J\u00e1 o recebimento de recurso referente \u00e0s provas objetivas acontece entre os dias 20 e 22 e as Provas Pr\u00e1ticas ser\u00e3o realizadas no dia 27 de abril. A Divulga\u00e7\u00e3o do gabarito final das provas objetivas e a divulga\u00e7\u00e3o do resultado final esta previsto para o dia 30 de abril de 2015, podendo \u201ca Comiss\u00e3o Organizadora do Processo Seletivo, conforme a necessidade e conveni\u00eancia administrativa, mudar os dias e os hor\u00e1rios de aplica\u00e7\u00e3o das provas e outras atividades do cronograma do concurso p\u00fablico\u201d.<\/font><\/p>\n<div style=\"margin-top: 0px; margin-bottom: 0px;\" class=\"sharethis-inline-share-buttons\" ><\/div>","protected":false},"excerpt":{"rendered":"<p>DO BLOG DO CARLOS EUG\u00caNIO&nbsp; &#8211;&nbsp; As provas objetivas do Concurso da Prefeitura de Salo\u00e1 que aconteceriam no pr\u00f3ximo domingo, dia 5, foram adiadas. Atrav\u00e9s da 3\u00aa Retifica\u00e7\u00e3o do Edital do Certame, publicado no site do Instituto Adm&amp;Tec (organizadora do Concurso) a Prefeitura informou que as provas ser\u00e3o realizadas nos dias 18 e 19 de [&hellip;]<\/p>\n","protected":false},"author":1,"featured_media":0,"comment_status":"open","ping_status":"open","sticky":false,"template":"","format":"standard","meta":{"footnotes":""},"categories":[2],"tags":[],"class_list":["post-1721","post","type-post","status-publish","format-standard","hentry","category-noticias-do-dia"],"_links":{"self":[{"href":"https:\/\/www.saloanoticias.com\/v1\/wp-json\/wp\/v2\/posts\/1721","targetHints":{"allow":["GET"]}}],"collection":[{"href":"https:\/\/www.saloanoticias.com\/v1\/wp-json\/wp\/v2\/posts"}],"about":[{"href":"https:\/\/www.saloanoticias.com\/v1\/wp-json\/wp\/v2\/types\/post"}],"author":[{"embeddable":true,"href":"https:\/\/www.saloanoticias.com\/v1\/wp-json\/wp\/v2\/users\/1"}],"replies":[{"embeddable":true,"href":"https:\/\/www.saloanoticias.com\/v1\/wp-json\/wp\/v2\/comments?post=1721"}],"version-history":[{"count":0,"href":"https:\/\/www.saloanoticias.com\/v1\/wp-json\/wp\/v2\/posts\/1721\/revisions"}],"wp:attachment":[{"href":"https:\/\/www.saloanoticias.com\/v1\/wp-json\/wp\/v2\/media?parent=1721"}],"wp:term":[{"taxonomy":"category","embeddable":true,"href":"https:\/\/www.saloanoticias.com\/v1\/wp-json\/wp\/v2\/categories?post=1721"},{"taxonomy":"post_tag","embeddable":true,"href":"https:\/\/www.saloanoticias.com\/v1\/wp-json\/wp\/v2\/tags?post=1721"}],"curies":[{"name":"wp","href":"https:\/\/api.w.org\/{rel}","templated":true}]}}