{"id":1719,"date":"2015-03-31T11:00:00","date_gmt":"2015-03-31T11:00:00","guid":{"rendered":"https:\/\/saloanoticias.mrmediaweb.com\/v1\/2015\/03\/31\/jovens-adventistas-realizam-caminhada-em-saloa\/"},"modified":"2015-03-31T11:00:00","modified_gmt":"2015-03-31T11:00:00","slug":"jovens-adventistas-realizam-caminhada-em-saloa","status":"publish","type":"post","link":"https:\/\/www.saloanoticias.com\/v1\/jovens-adventistas-realizam-caminhada-em-saloa\/","title":{"rendered":"GRUPO DE JOVENS ADVENTISTAS REALIZAM CAMINHADA EM SALO\u00c1"},"content":{"rendered":"<p align=\"justify\"><font size=\"3\" face=\"Arial\"><a href=\"http:\/\/www.saloanoticias.com\/images\/salo-notcias-2_9c894774d4f90c30fdad03284164087e.jpg\"><img loading=\"lazy\" decoding=\"async\" title=\"Salo&aacute; Not&iacute;cias 2\" style=\"border-top: 0px; border-right: 0px; background-image: none; border-bottom: 0px; float: none; padding-top: 0px; padding-left: 0px; margin: 0px auto 10px; border-left: 0px; display: block; padding-right: 0px\" border=\"0\" alt=\"Salo&aacute; Not&iacute;cias 2\" src=\"http:\/\/www.saloanoticias.com\/v1\/wp-content\/uploads\/imagens\/salo-notcias-2_thumb_edc7fb5c1faf9e65f4d125dcd17eb926.jpg\" width=\"496\" height=\"372\"><\/a>Jovens da IASD (Igreja Adventista do S\u00e9timo Dia) de Salo\u00e1 e do S\u00edtio Manoel Ferreira comemoram o dia do Jovem Adventista com uma caminhada pelas principais ruas da cidade, e tamb\u00e9m aproveitaram a oportunidade para convidar a popula\u00e7\u00e3o da cidade para participarem da Semana Santa na referida Igreja com o tema: A PAIX\u00c3O DE CRISTO \u00c9 VOC\u00ca. A programa\u00e7\u00e3o acontecer\u00e1 de 28\/03 a 05\/04 no templo da Igreja em Salo\u00e1.<\/font><\/p>\n<p align=\"justify\"><a href=\"http:\/\/www.saloanoticias.com\/images\/salo-n_8a0ef90cd5a0420cf4cd817a221afb81.jpg\"><img loading=\"lazy\" decoding=\"async\" title=\"Salo&aacute; N\" style=\"border-top: 0px; border-right: 0px; background-image: none; border-bottom: 0px; float: none; padding-top: 0px; padding-left: 0px; margin: 10px auto; border-left: 0px; display: block; padding-right: 0px\" border=\"0\" alt=\"Salo&aacute; N\" src=\"http:\/\/www.saloanoticias.com\/v1\/wp-content\/uploads\/imagens\/salo-n_thumb_42159c4e6ee6240541ad488558b7c6d7.jpg\" width=\"502\" height=\"377\"><\/a><\/p>\n<p align=\"justify\"><font size=\"3\" face=\"Arial\">Os jovens sa\u00edram com cartazes, distribuindo abra\u00e7os, carisma e inclusive muitas pessoas paravam os jovens e faziam pedidos de ora\u00e7\u00e3o, e as ora\u00e7\u00f5es eram feitas naquele momento. <\/font><font size=\"3\" face=\"Arial\">A programa\u00e7\u00e3o pelas ruas encerrou com um culto de por-do-sol na pra\u00e7a s\u00e3o Vicente principal pra\u00e7a da cidade onde os jovens entoaram louvores e a participa\u00e7\u00e3o do grupo Art &amp; Louvor, grupo de adora\u00e7\u00e3o da igreja local chamava a aten\u00e7\u00e3o das pessoas que encontravam-se na pra\u00e7a.<\/font> <\/p>\n<p align=\"justify\"><font size=\"3\" face=\"Arial\">A programa\u00e7\u00e3o continuou a noite com a abertura da programa\u00e7\u00e3o da Semana Santa na Igreja local, onde o p\u00fablico convidado compareceu e juntos compartilharam a mensagem do Evangelho, lembrando que durante toda semana a Igreja estar\u00e1 realizando a programa\u00e7\u00e3o da Semana do Calv\u00e1rio e estar\u00e1 aberta a partir da 19:00 horas para receber a popula\u00e7\u00e3o. <\/font><font size=\"3\" face=\"Arial\">Ser\u00e3o momentos inesquec\u00edveis, com louvores, prega\u00e7\u00e3o do evangelho e muita adora\u00e7\u00e3o. Fonte \u2013 Blog Salo\u00e1 Informa.<\/font><\/p>\n<div style=\"margin-top: 0px; margin-bottom: 0px;\" class=\"sharethis-inline-share-buttons\" ><\/div>","protected":false},"excerpt":{"rendered":"<p>Jovens da IASD (Igreja Adventista do S\u00e9timo Dia) de Salo\u00e1 e do S\u00edtio Manoel Ferreira comemoram o dia do Jovem Adventista com uma caminhada pelas principais ruas da cidade, e tamb\u00e9m aproveitaram a oportunidade para convidar a popula\u00e7\u00e3o da cidade para participarem da Semana Santa na referida Igreja com o tema: A PAIX\u00c3O DE CRISTO [&hellip;]<\/p>\n","protected":false},"author":1,"featured_media":0,"comment_status":"open","ping_status":"open","sticky":false,"template":"","format":"standard","meta":{"footnotes":""},"categories":[2],"tags":[],"class_list":["post-1719","post","type-post","status-publish","format-standard","hentry","category-noticias-do-dia"],"_links":{"self":[{"href":"https:\/\/www.saloanoticias.com\/v1\/wp-json\/wp\/v2\/posts\/1719","targetHints":{"allow":["GET"]}}],"collection":[{"href":"https:\/\/www.saloanoticias.com\/v1\/wp-json\/wp\/v2\/posts"}],"about":[{"href":"https:\/\/www.saloanoticias.com\/v1\/wp-json\/wp\/v2\/types\/post"}],"author":[{"embeddable":true,"href":"https:\/\/www.saloanoticias.com\/v1\/wp-json\/wp\/v2\/users\/1"}],"replies":[{"embeddable":true,"href":"https:\/\/www.saloanoticias.com\/v1\/wp-json\/wp\/v2\/comments?post=1719"}],"version-history":[{"count":0,"href":"https:\/\/www.saloanoticias.com\/v1\/wp-json\/wp\/v2\/posts\/1719\/revisions"}],"wp:attachment":[{"href":"https:\/\/www.saloanoticias.com\/v1\/wp-json\/wp\/v2\/media?parent=1719"}],"wp:term":[{"taxonomy":"category","embeddable":true,"href":"https:\/\/www.saloanoticias.com\/v1\/wp-json\/wp\/v2\/categories?post=1719"},{"taxonomy":"post_tag","embeddable":true,"href":"https:\/\/www.saloanoticias.com\/v1\/wp-json\/wp\/v2\/tags?post=1719"}],"curies":[{"name":"wp","href":"https:\/\/api.w.org\/{rel}","templated":true}]}}