{"id":1718,"date":"2015-03-30T12:47:08","date_gmt":"2015-03-30T12:47:08","guid":{"rendered":"https:\/\/saloanoticias.mrmediaweb.com\/v1\/2015\/03\/30\/saiba-como-foi-a-audiencia-publica-na-cohab-nova\/"},"modified":"2015-03-30T12:47:08","modified_gmt":"2015-03-30T12:47:08","slug":"saiba-como-foi-a-audiencia-publica-na-cohab-nova","status":"publish","type":"post","link":"https:\/\/www.saloanoticias.com\/v1\/saiba-como-foi-a-audiencia-publica-na-cohab-nova\/","title":{"rendered":"SAIBA COMO FOI A AUDI\u00caNCIA P\u00daBLICA NA COHAB NOVA REALIZADA NA SEXTA (27)"},"content":{"rendered":"<p align=\"justify\"><font size=\"3\" face=\"Arial\"><a href=\"http:\/\/www.saloanoticias.com\/images\/salo-notcias-2_70545cb2c9f11a94baf9efc4b5b442ab.jpg\"><img loading=\"lazy\" decoding=\"async\" title=\"Salo&aacute; Not&iacute;cias 2\" style=\"border-top: 0px; border-right: 0px; background-image: none; border-bottom: 0px; float: none; padding-top: 0px; padding-left: 0px; margin-left: auto; border-left: 0px; display: block; padding-right: 0px; margin-right: auto\" border=\"0\" alt=\"Salo&aacute; Not&iacute;cias 2\" src=\"http:\/\/www.saloanoticias.com\/v1\/wp-content\/uploads\/imagens\/salo-notcias-2_thumb_0a54db58239bf5925a976fb2da6388ee.jpg\" width=\"586\" height=\"388\"><\/a>A Prefeitura de Salo\u00e1 realizou na \u00faltima sexta-feira (27), \u00e0s 19h00, na nova creche municipal, a primeira Audi\u00eancia P\u00fablica no intuito de prestar contas \u00e0 popula\u00e7\u00e3o sobre os recursos que est\u00e3o sendo investidos e de que forma eles ir\u00e3o beneficiam os moradores. Com o tema \u201cA opini\u00e3o popular sobre as novas obras da Cohab e seu melhor uso para atender a popula\u00e7\u00e3o\u201d, a audi\u00eancia foi presidida pelo prefeito Ricardo Alves (PMDB), que esteve acompanhado de todo o seu secretariado. Tamb\u00e9m participaram os vereadores Ronaldo Birunda (PSDB), Izenilda Brand\u00e3o (PSDB), Arnaldo Ferreira Lopes (PSB) e o atual presidente da C\u00e2mara, vereador Jos\u00e9 de Fran\u00e7a Leite (PDT).<\/font><\/p>\n<p align=\"justify\"><a href=\"http:\/\/www.saloanoticias.com\/images\/salo-notcias-foto_93302b46e88d6d54b2e19ceb831eb69c.jpg\"><img loading=\"lazy\" decoding=\"async\" title=\"Salo&aacute; Not&iacute;cias foto\" style=\"border-top: 0px; border-right: 0px; background-image: none; border-bottom: 0px; float: none; padding-top: 0px; padding-left: 0px; margin-left: auto; border-left: 0px; display: block; padding-right: 0px; margin-right: auto\" border=\"0\" alt=\"Salo&aacute; Not&iacute;cias foto\" src=\"http:\/\/www.saloanoticias.com\/v1\/wp-content\/uploads\/imagens\/salo-notcias-foto_thumb_1c3e2f63a374ea7753aae7388b652cdc.jpg\" width=\"588\" height=\"331\"><\/a><\/p>\n<p align=\"justify\"><font size=\"3\" face=\"Arial\">Foi um momento \u00edmpar para a popula\u00e7\u00e3o que jamais presenciou esse tipo de di\u00e1logo coletivo com seu gestor. <\/font><font size=\"3\" face=\"Arial\">Os secret\u00e1rios muitas vezes foram questionados sobre os programas e o atendimento ao p\u00fablico, de maneira particular as secretarias de Sa\u00fade, e de Assist\u00eancia Social. Mas as perguntas foram respondidas pelo pr\u00f3prio prefeito que determinou o cumprimento do pleito dos cidad\u00e3os. Segundo Ricardo a inten\u00e7\u00e3o foi de escutar o clamor do povo e por isso, independentemente das raz\u00f5es, a prioridade da fala foi da popula\u00e7\u00e3o.<\/font><\/p>\n<p align=\"justify\"><a href=\"http:\/\/www.saloanoticias.com\/images\/salo-notcas3_a58e15d08c6b89be8acf54238d6694b0.jpg\"><img loading=\"lazy\" decoding=\"async\" title=\"Salo&aacute; Not&iacute;cas3\" style=\"border-top: 0px; border-right: 0px; background-image: none; border-bottom: 0px; float: none; padding-top: 0px; padding-left: 0px; margin-left: auto; border-left: 0px; display: block; padding-right: 0px; margin-right: auto\" border=\"0\" alt=\"Salo&aacute; Not&iacute;cas3\" src=\"http:\/\/www.saloanoticias.com\/v1\/wp-content\/uploads\/imagens\/salo-notcas3_thumb_58306b50f3713f660ac7e0f1454d64b5.jpg\" width=\"591\" height=\"333\"><\/a><\/p>\n<p align=\"justify\"><font size=\"3\" face=\"Arial\">\u201cCom essa Audi\u00eancia P\u00fablica n\u00f3s mostramos \u00e0 popula\u00e7\u00e3o que queremos resolver os problemas e que n\u00e3o temos receio das cr\u00edticas, afinal elas nos ajudam a melhorar o que j\u00e1 fazemos. \u00c9 dessa forma que podemos corrigir as falhas e melhorar o que j\u00e1 existe de bom\u201d. Destacou o prefeito Ricardo. Ele lembrou ainda que, o momento \u00e9 importante tamb\u00e9m para cada Secretaria, pois o povo \u00e9 soberano e sabe muito bem avaliar o trabalho de cada secret\u00e1rio. \u201cEu governo para toda a popula\u00e7\u00e3o e por isso devo respeitar o desejo de cada cidad\u00e3o de Salo\u00e1.<\/font><\/p>\n<p align=\"justify\"><a href=\"http:\/\/www.saloanoticias.com\/images\/salo-n_e7ca36bf33ff713ca85b6d1abffa0941.jpg\"><img loading=\"lazy\" decoding=\"async\" title=\"Salo&aacute; N\" style=\"border-top: 0px; border-right: 0px; background-image: none; border-bottom: 0px; float: none; padding-top: 0px; padding-left: 0px; margin-left: auto; border-left: 0px; display: block; padding-right: 0px; margin-right: auto\" border=\"0\" alt=\"Salo&aacute; N\" src=\"http:\/\/www.saloanoticias.com\/v1\/wp-content\/uploads\/imagens\/salo-n_thumb_093956e069f134fdd520da2330656c15.jpg\" width=\"590\" height=\"332\"><\/a><\/p>\n<p align=\"justify\"><font size=\"3\" face=\"Arial\">Por isso tamb\u00e9m cada secret\u00e1rio deve estar atendo para a maneira como conduz sua pasta, sempre favorecendo a popula\u00e7\u00e3o\u201d, disse o prefeito. <\/font><font size=\"3\" face=\"Arial\">O Governo de Salo\u00e1 est\u00e1 investindo mais de R$ 7 milh\u00f5es de reais em obras na Cohab Nova. Entre as a\u00e7\u00f5es est\u00e3o a constru\u00e7\u00e3o da Creche, uma Escola Municipal, Posto de Sa\u00fade, Academia das Cidades, Constru\u00e7\u00e3o de casas populares, novo Curral do gado, cal\u00e7amento e saneamento b\u00e1sico de todo o bairro.<\/font><\/p>\n<p align=\"justify\"><font size=\"3\" face=\"Arial\">Outros bairros, al\u00e9m dos distritos e povoados de Salo\u00e1 ir\u00e3o receber a Audi\u00eancia P\u00fablica. Segundo a Administra\u00e7\u00e3o a experi\u00eancia da Cohab foi exitosa e aproximou mais o Governo da popula\u00e7\u00e3o. Destacamos ainda a presen\u00e7a maci\u00e7a da popula\u00e7\u00e3o da Cohab que reuniu cerca de mais de 500 pessoas nesta audi\u00eancia.<\/font><\/p>\n<div style=\"margin-top: 0px; margin-bottom: 0px;\" class=\"sharethis-inline-share-buttons\" ><\/div>","protected":false},"excerpt":{"rendered":"<p>A Prefeitura de Salo\u00e1 realizou na \u00faltima sexta-feira (27), \u00e0s 19h00, na nova creche municipal, a primeira Audi\u00eancia P\u00fablica no intuito de prestar contas \u00e0 popula\u00e7\u00e3o sobre os recursos que est\u00e3o sendo investidos e de que forma eles ir\u00e3o beneficiam os moradores. Com o tema \u201cA opini\u00e3o popular sobre as novas obras da Cohab e [&hellip;]<\/p>\n","protected":false},"author":1,"featured_media":0,"comment_status":"open","ping_status":"open","sticky":false,"template":"","format":"standard","meta":{"footnotes":""},"categories":[2],"tags":[],"class_list":["post-1718","post","type-post","status-publish","format-standard","hentry","category-noticias-do-dia"],"_links":{"self":[{"href":"https:\/\/www.saloanoticias.com\/v1\/wp-json\/wp\/v2\/posts\/1718","targetHints":{"allow":["GET"]}}],"collection":[{"href":"https:\/\/www.saloanoticias.com\/v1\/wp-json\/wp\/v2\/posts"}],"about":[{"href":"https:\/\/www.saloanoticias.com\/v1\/wp-json\/wp\/v2\/types\/post"}],"author":[{"embeddable":true,"href":"https:\/\/www.saloanoticias.com\/v1\/wp-json\/wp\/v2\/users\/1"}],"replies":[{"embeddable":true,"href":"https:\/\/www.saloanoticias.com\/v1\/wp-json\/wp\/v2\/comments?post=1718"}],"version-history":[{"count":0,"href":"https:\/\/www.saloanoticias.com\/v1\/wp-json\/wp\/v2\/posts\/1718\/revisions"}],"wp:attachment":[{"href":"https:\/\/www.saloanoticias.com\/v1\/wp-json\/wp\/v2\/media?parent=1718"}],"wp:term":[{"taxonomy":"category","embeddable":true,"href":"https:\/\/www.saloanoticias.com\/v1\/wp-json\/wp\/v2\/categories?post=1718"},{"taxonomy":"post_tag","embeddable":true,"href":"https:\/\/www.saloanoticias.com\/v1\/wp-json\/wp\/v2\/tags?post=1718"}],"curies":[{"name":"wp","href":"https:\/\/api.w.org\/{rel}","templated":true}]}}