{"id":1717,"date":"2015-03-29T22:00:00","date_gmt":"2015-03-29T22:00:00","guid":{"rendered":"https:\/\/saloanoticias.mrmediaweb.com\/v1\/2015\/03\/29\/catolicos-de-saloa-comemoram-domingo-de-ramos\/"},"modified":"2015-03-29T22:00:00","modified_gmt":"2015-03-29T22:00:00","slug":"catolicos-de-saloa-comemoram-domingo-de-ramos","status":"publish","type":"post","link":"https:\/\/www.saloanoticias.com\/v1\/catolicos-de-saloa-comemoram-domingo-de-ramos\/","title":{"rendered":"CENTENAS DE CAT\u00d3LICOS DE SALO\u00c1 FORAM \u00c0S RUAS NESTE DOMINGO DE RAMOS"},"content":{"rendered":"<p align=\"justify\"><font size=\"3\" face=\"Arial\"><a href=\"http:\/\/www.saloanoticias.com\/images\/salo-notcias-foto_e9f73f7f6bb81de8ff8807df31dde1fb.jpg\"><img loading=\"lazy\" decoding=\"async\" title=\"Salo&aacute; Not&iacute;cias foto\" style=\"border-top: 0px; border-right: 0px; background-image: none; border-bottom: 0px; float: none; padding-top: 0px; padding-left: 0px; margin: 0px auto 10px; border-left: 0px; display: block; padding-right: 0px\" border=\"0\" alt=\"Salo&aacute; Not&iacute;cias foto\" src=\"http:\/\/www.saloanoticias.com\/v1\/wp-content\/uploads\/imagens\/salo-notcias-foto_thumb_b40264f8d633a51594cf6af8de103d91.jpg\" width=\"545\" height=\"314\"><\/a>Os Cat\u00f3licos da cidade de Salo\u00e1 comemoraram as celebra\u00e7\u00f5es do Domingo de Ramos. Centenas de fi\u00e9is percorreram as principais ruas da cidade louvando e rezando. A prociss\u00e3o que \u00e9 realizada todos os anos, foi liderada pelo p\u00e1roco da cidade Adriano Santos. Segundo a tradi\u00e7ao Cat\u00f3lica, este dia faz alus\u00e3o \u00e0 entrada triunfal de Jesus em Jerusal\u00e9m, dias antes de ser crucificado pelos Romanos. A tradi\u00e7\u00e3o \u00e9 bastante respeitada e leva \u00e0s ruas centenas de pessoas todos os anos. Obs. Todas as fotos s\u00e3o de Leonardo Souza.<\/font><\/p>\n<p align=\"justify\"><a href=\"http:\/\/www.saloanoticias.com\/images\/salo4_7e62aa589ca1c924dba628f13bc5d6f0.jpg\"><img loading=\"lazy\" decoding=\"async\" title=\"Salo&aacute;4\" style=\"border-top: 0px; border-right: 0px; background-image: none; border-bottom: 0px; float: none; padding-top: 0px; padding-left: 0px; margin: 10px auto; border-left: 0px; display: block; padding-right: 0px\" border=\"0\" alt=\"Salo&aacute;4\" src=\"http:\/\/www.saloanoticias.com\/v1\/wp-content\/uploads\/imagens\/salo4_thumb_eae8e21036601b90fa2e2a8e41e0938d.jpg\" width=\"545\" height=\"341\"><\/a><\/p>\n<p align=\"justify\"><font size=\"3\" face=\"Arial\"><a href=\"http:\/\/www.saloanoticias.com\/images\/salo-notcas3_4827f51935bd11d0efcec1d5a0446962.jpg\"><img loading=\"lazy\" decoding=\"async\" title=\"Salo&aacute; Not&iacute;cas3\" style=\"border-top: 0px; border-right: 0px; background-image: none; border-bottom: 0px; float: none; padding-top: 0px; padding-left: 0px; margin: 10px auto; border-left: 0px; display: block; padding-right: 0px\" border=\"0\" alt=\"Salo&aacute; Not&iacute;cas3\" src=\"http:\/\/www.saloanoticias.com\/v1\/wp-content\/uploads\/imagens\/salo-notcas3_thumb_962d2ca03eeffd438d159d113444c4c0.jpg\" width=\"543\" height=\"407\"><\/a><\/font><\/p>\n<p align=\"justify\"><font size=\"3\" face=\"Arial\"><a href=\"http:\/\/www.saloanoticias.com\/images\/salo-n.jpg\"><img loading=\"lazy\" decoding=\"async\" title=\"Salo&aacute; N\" style=\"border-top: 0px; border-right: 0px; background-image: none; border-bottom: 0px; float: none; padding-top: 0px; padding-left: 0px; margin: 10px auto; border-left: 0px; display: block; padding-right: 0px\" border=\"0\" alt=\"Salo&aacute; N\" src=\"http:\/\/www.saloanoticias.com\/v1\/wp-content\/uploads\/imagens\/salo-n_thumb.jpg\" width=\"543\" height=\"321\"><\/a><\/font><\/p>\n<div style=\"margin-top: 0px; margin-bottom: 0px;\" class=\"sharethis-inline-share-buttons\" ><\/div>","protected":false},"excerpt":{"rendered":"<p>Os Cat\u00f3licos da cidade de Salo\u00e1 comemoraram as celebra\u00e7\u00f5es do Domingo de Ramos. Centenas de fi\u00e9is percorreram as principais ruas da cidade louvando e rezando. A prociss\u00e3o que \u00e9 realizada todos os anos, foi liderada pelo p\u00e1roco da cidade Adriano Santos. Segundo a tradi\u00e7ao Cat\u00f3lica, este dia faz alus\u00e3o \u00e0 entrada triunfal de Jesus em [&hellip;]<\/p>\n","protected":false},"author":1,"featured_media":0,"comment_status":"open","ping_status":"open","sticky":false,"template":"","format":"standard","meta":{"footnotes":""},"categories":[2],"tags":[],"class_list":["post-1717","post","type-post","status-publish","format-standard","hentry","category-noticias-do-dia"],"_links":{"self":[{"href":"https:\/\/www.saloanoticias.com\/v1\/wp-json\/wp\/v2\/posts\/1717","targetHints":{"allow":["GET"]}}],"collection":[{"href":"https:\/\/www.saloanoticias.com\/v1\/wp-json\/wp\/v2\/posts"}],"about":[{"href":"https:\/\/www.saloanoticias.com\/v1\/wp-json\/wp\/v2\/types\/post"}],"author":[{"embeddable":true,"href":"https:\/\/www.saloanoticias.com\/v1\/wp-json\/wp\/v2\/users\/1"}],"replies":[{"embeddable":true,"href":"https:\/\/www.saloanoticias.com\/v1\/wp-json\/wp\/v2\/comments?post=1717"}],"version-history":[{"count":0,"href":"https:\/\/www.saloanoticias.com\/v1\/wp-json\/wp\/v2\/posts\/1717\/revisions"}],"wp:attachment":[{"href":"https:\/\/www.saloanoticias.com\/v1\/wp-json\/wp\/v2\/media?parent=1717"}],"wp:term":[{"taxonomy":"category","embeddable":true,"href":"https:\/\/www.saloanoticias.com\/v1\/wp-json\/wp\/v2\/categories?post=1717"},{"taxonomy":"post_tag","embeddable":true,"href":"https:\/\/www.saloanoticias.com\/v1\/wp-json\/wp\/v2\/tags?post=1717"}],"curies":[{"name":"wp","href":"https:\/\/api.w.org\/{rel}","templated":true}]}}