{"id":1716,"date":"2015-03-29T15:00:00","date_gmt":"2015-03-29T15:00:00","guid":{"rendered":"https:\/\/saloanoticias.mrmediaweb.com\/v1\/2015\/03\/29\/ricardo-inaugura-campo-de-futebol-neste-domingo\/"},"modified":"2015-03-29T15:00:00","modified_gmt":"2015-03-29T15:00:00","slug":"ricardo-inaugura-campo-de-futebol-neste-domingo","status":"publish","type":"post","link":"https:\/\/www.saloanoticias.com\/v1\/ricardo-inaugura-campo-de-futebol-neste-domingo\/","title":{"rendered":"RICARDO INAUGURAR\u00c1 CAMPO DE FUTEBOL NESTE DOMINGO NA LAGOA NOVA"},"content":{"rendered":"<p align=\"justify\"><font size=\"3\" face=\"Arial\"><a href=\"http:\/\/www.saloanoticias.com\/images\/salo-notcias-foto_cb5f44de2a9b15689d1715a8fc791b95.jpg\"><img loading=\"lazy\" decoding=\"async\" title=\"Salo&aacute; Not&iacute;cias foto\" style=\"border-top: 0px; border-right: 0px; background-image: none; border-bottom: 0px; float: none; padding-top: 0px; padding-left: 0px; margin: 0px auto 10px; border-left: 0px; display: block; padding-right: 0px\" border=\"0\" alt=\"Salo&aacute; Not&iacute;cias foto\" src=\"http:\/\/www.saloanoticias.com\/v1\/wp-content\/uploads\/imagens\/salo-notcias-foto_thumb_35769cb5693592015e39f197a50020cc.jpg\" width=\"539\" height=\"404\"><\/a>Logo mais \u00e0 tarde o prefeito Ricardo (PMDB) estar\u00e1 inaugurando mais um campo de futebol no munic\u00edpio de Salo\u00e1. Desta vez ser\u00e1 no s\u00edtio Lagoa Nova, zona rural do munic\u00edpio, que h\u00e1 muitos anos sonhava em ter um local para realiza\u00e7\u00e3o dos eventos futebol\u00edsticos na comunidade. Pelas informa\u00e7\u00f5es que tivemos pela assessoria do prefeito, foi constru\u00eddo um campo novinho e fornecido materiais esportivos para os atletas.<\/font><\/p>\n<p align=\"justify\"><font size=\"3\" face=\"Arial\">Vale lembrar, que antes, havia apenas um pequeno campinho de socity no local, por isso a reivindica\u00e7\u00e3o de um novo espa\u00e7o pelos jogadores. O governo do atual prefeito tem investido pesado na \u00e1rea esportiva na cidade, e isso tem&nbsp; gerado uma grande animosidade por parte dos atletas dos times dos v\u00e1rios s\u00edtios e povoados do munic\u00edpio. \u201cCom a\u00e7\u00f5es como estas, temos certeza que tiraremos v\u00e1rios jovens das bebidas e outras drogas, j\u00e1 que as pr\u00e1ticas esportivas geram benef\u00edcios em todas as modalidades da vida dessas pessoas, disse o prefeito.<\/font><\/p>\n<p align=\"justify\"><font size=\"3\" face=\"Arial\">Ainda segundo os governistas, outras a\u00e7\u00f5es ainda ser\u00e3o implantadas atrav\u00e9s da secretaria de esportes, que tem como diretor, Pelezinho. Temos percorrido em todos os recantos do munic\u00edpio e vamos continuar dando apoio aos esportes, isso \u00e9 um compromisso da nossa gest\u00e3o, disse Pel\u00e9.<\/font><\/p>\n<div style=\"margin-top: 0px; margin-bottom: 0px;\" class=\"sharethis-inline-share-buttons\" ><\/div>","protected":false},"excerpt":{"rendered":"<p>Logo mais \u00e0 tarde o prefeito Ricardo (PMDB) estar\u00e1 inaugurando mais um campo de futebol no munic\u00edpio de Salo\u00e1. Desta vez ser\u00e1 no s\u00edtio Lagoa Nova, zona rural do munic\u00edpio, que h\u00e1 muitos anos sonhava em ter um local para realiza\u00e7\u00e3o dos eventos futebol\u00edsticos na comunidade. Pelas informa\u00e7\u00f5es que tivemos pela assessoria do prefeito, foi [&hellip;]<\/p>\n","protected":false},"author":1,"featured_media":0,"comment_status":"open","ping_status":"open","sticky":false,"template":"","format":"standard","meta":{"footnotes":""},"categories":[2],"tags":[],"class_list":["post-1716","post","type-post","status-publish","format-standard","hentry","category-noticias-do-dia"],"_links":{"self":[{"href":"https:\/\/www.saloanoticias.com\/v1\/wp-json\/wp\/v2\/posts\/1716","targetHints":{"allow":["GET"]}}],"collection":[{"href":"https:\/\/www.saloanoticias.com\/v1\/wp-json\/wp\/v2\/posts"}],"about":[{"href":"https:\/\/www.saloanoticias.com\/v1\/wp-json\/wp\/v2\/types\/post"}],"author":[{"embeddable":true,"href":"https:\/\/www.saloanoticias.com\/v1\/wp-json\/wp\/v2\/users\/1"}],"replies":[{"embeddable":true,"href":"https:\/\/www.saloanoticias.com\/v1\/wp-json\/wp\/v2\/comments?post=1716"}],"version-history":[{"count":0,"href":"https:\/\/www.saloanoticias.com\/v1\/wp-json\/wp\/v2\/posts\/1716\/revisions"}],"wp:attachment":[{"href":"https:\/\/www.saloanoticias.com\/v1\/wp-json\/wp\/v2\/media?parent=1716"}],"wp:term":[{"taxonomy":"category","embeddable":true,"href":"https:\/\/www.saloanoticias.com\/v1\/wp-json\/wp\/v2\/categories?post=1716"},{"taxonomy":"post_tag","embeddable":true,"href":"https:\/\/www.saloanoticias.com\/v1\/wp-json\/wp\/v2\/tags?post=1716"}],"curies":[{"name":"wp","href":"https:\/\/api.w.org\/{rel}","templated":true}]}}