{"id":1715,"date":"2015-03-28T20:00:00","date_gmt":"2015-03-28T20:00:00","guid":{"rendered":"https:\/\/saloanoticias.mrmediaweb.com\/v1\/2015\/03\/28\/comeca-congresso-de-mulheres-na-assembleia-de-deus-em-saloa\/"},"modified":"2015-03-28T20:00:00","modified_gmt":"2015-03-28T20:00:00","slug":"comeca-congresso-de-mulheres-na-assembleia-de-deus-em-saloa","status":"publish","type":"post","link":"https:\/\/www.saloanoticias.com\/v1\/comeca-congresso-de-mulheres-na-assembleia-de-deus-em-saloa\/","title":{"rendered":"COME\u00c7OU O CONGRESSO DE MULHERES NA ASSEMBLEIA DE DEUS EM SALO\u00c1"},"content":{"rendered":"<p align=\"justify\"><font size=\"3\" face=\"Arial\"><a href=\"http:\/\/www.saloanoticias.com\/images\/dsc_7427.jpg\"><img loading=\"lazy\" decoding=\"async\" title=\"DSC_7427\" style=\"border-top: 0px; border-right: 0px; background-image: none; border-bottom: 0px; float: none; padding-top: 0px; padding-left: 0px; margin: 0px auto 10px; border-left: 0px; display: block; padding-right: 0px\" border=\"0\" alt=\"DSC_7427\" src=\"http:\/\/www.saloanoticias.com\/v1\/wp-content\/uploads\/imagens\/dsc_7427_thumb.jpg\" width=\"628\" height=\"372\"><\/a>Come\u00e7ou na noite desta sexta-feira e tem continuidade logo mais \u00e0s 19:00 horas deste s\u00e1bado, o Congresso de Mulheres e Anivers\u00e1rio do C\u00edrculo de Ora\u00e7\u00e3o que \u00e9 promovido pela Igreja Assembleia de Deus em Salo\u00e1, Minist\u00e9rio do Estado de Pernambuco. Dentro da programa\u00e7\u00e3o est\u00e1 a presen\u00e7a de v\u00e1rios pastores, cantores, grupos e comiss\u00f5es de mulheres vindos de outras cidades do estado. J\u00e1 na abertura da festa, que aconteceu ontem, sexta-feira (27), o templo da igreja ficou lotado de fi\u00e9is que foram louvar e adorar o nome do Senhor Jesus. <\/font><\/p>\n<p align=\"justify\"><a href=\"http:\/\/www.saloanoticias.com\/images\/dsc_7402.jpg\"><img loading=\"lazy\" decoding=\"async\" title=\"DSC_7402\" style=\"border-top: 0px; border-right: 0px; background-image: none; border-bottom: 0px; float: none; padding-top: 0px; padding-left: 0px; margin: 10px auto; border-left: 0px; display: block; padding-right: 0px\" border=\"0\" alt=\"DSC_7402\" src=\"http:\/\/www.saloanoticias.com\/v1\/wp-content\/uploads\/imagens\/dsc_7402_thumb.jpg\" width=\"631\" height=\"371\"><\/a><\/p>\n<p align=\"justify\"><font size=\"3\" face=\"Arial\">Quem estar\u00e1 ministrando a santa palavra neste s\u00e1bado (28), \u00e9 o renomado pastor C\u00e2ndido de Freitas da cidade de Garanhuns\/PE. O evento termina na noite deste domingo (29) com o culto de encerramento. O c\u00edrculo de ora\u00e7\u00e3o tem a dire\u00e7\u00e3o da irm\u00e3 Gedalva <\/font><font size=\"3\" face=\"Arial\">e coordena\u00e7\u00e3o geral do pastor Ademir Barbosa. A IEADPE fica localizada na rua Rold\u00e3o Ten\u00f3rio Cavalcante, 100, no centro de Salo\u00e1\/PE. Confira os principais momentos da festa na noite de ontem. Obs. O Blog Salo\u00e1 Not\u00edcias far\u00e1 a total cobertura desta festividade, inclusive fazendo as fotos durante todas as noites de cultos. Cr\u00e9dito das Fotos: Jr. Gracindo.<\/font><\/p>\n<p align=\"justify\"><font size=\"3\" face=\"Arial\"><a href=\"http:\/\/www.saloanoticias.com\/images\/dsc_7413.jpg\"><img loading=\"lazy\" decoding=\"async\" title=\"DSC_7413\" style=\"border-top: 0px; border-right: 0px; background-image: none; border-bottom: 0px; float: none; padding-top: 0px; padding-left: 0px; margin: 10px auto; border-left: 0px; display: block; padding-right: 0px\" border=\"0\" alt=\"DSC_7413\" src=\"http:\/\/www.saloanoticias.com\/v1\/wp-content\/uploads\/imagens\/dsc_7413_thumb.jpg\" width=\"633\" height=\"319\"><\/a><\/font><\/p>\n<p align=\"justify\"><font size=\"3\" face=\"Arial\"><a href=\"http:\/\/www.saloanoticias.com\/images\/dsc_7431.jpg\"><img loading=\"lazy\" decoding=\"async\" title=\"DSC_7431\" style=\"border-top: 0px; border-right: 0px; background-image: none; border-bottom: 0px; float: none; padding-top: 0px; padding-left: 0px; margin: 10px auto; border-left: 0px; display: block; padding-right: 0px\" border=\"0\" alt=\"DSC_7431\" src=\"http:\/\/www.saloanoticias.com\/v1\/wp-content\/uploads\/imagens\/dsc_7431_thumb.jpg\" width=\"635\" height=\"376\"><\/a><\/font><\/p>\n<p align=\"justify\"><font size=\"3\" face=\"Arial\"><a href=\"http:\/\/www.saloanoticias.com\/images\/dsc_7410.jpg\"><img loading=\"lazy\" decoding=\"async\" title=\"DSC_7410\" style=\"border-top: 0px; border-right: 0px; background-image: none; border-bottom: 0px; float: none; padding-top: 0px; padding-left: 0px; margin: 10px auto; border-left: 0px; display: block; padding-right: 0px\" border=\"0\" alt=\"DSC_7410\" src=\"http:\/\/www.saloanoticias.com\/v1\/wp-content\/uploads\/imagens\/dsc_7410_thumb.jpg\" width=\"638\" height=\"372\"><\/a><\/font><\/p>\n<p align=\"justify\"><font size=\"3\" face=\"Arial\"><a href=\"http:\/\/www.saloanoticias.com\/images\/dsc_7417.jpg\"><img loading=\"lazy\" decoding=\"async\" title=\"DSC_7417\" style=\"border-top: 0px; border-right: 0px; background-image: none; border-bottom: 0px; float: none; padding-top: 0px; padding-left: 0px; margin: 10px auto; border-left: 0px; display: block; padding-right: 0px\" border=\"0\" alt=\"DSC_7417\" src=\"http:\/\/www.saloanoticias.com\/v1\/wp-content\/uploads\/imagens\/dsc_7417_thumb.jpg\" width=\"635\" height=\"376\"><\/a><\/font><\/p>\n<p align=\"justify\"><font size=\"3\" face=\"Arial\"><a href=\"http:\/\/www.saloanoticias.com\/images\/dsc_7432.jpg\"><img loading=\"lazy\" decoding=\"async\" title=\"DSC_7432\" style=\"border-top: 0px; border-right: 0px; background-image: none; border-bottom: 0px; float: none; padding-top: 0px; padding-left: 0px; margin: 10px auto; border-left: 0px; display: block; padding-right: 0px\" border=\"0\" alt=\"DSC_7432\" src=\"http:\/\/www.saloanoticias.com\/v1\/wp-content\/uploads\/imagens\/dsc_7432_thumb.jpg\" width=\"634\" height=\"386\"><\/a><\/font><\/p>\n<div style=\"margin-top: 0px; margin-bottom: 0px;\" class=\"sharethis-inline-share-buttons\" ><\/div>","protected":false},"excerpt":{"rendered":"<p>Come\u00e7ou na noite desta sexta-feira e tem continuidade logo mais \u00e0s 19:00 horas deste s\u00e1bado, o Congresso de Mulheres e Anivers\u00e1rio do C\u00edrculo de Ora\u00e7\u00e3o que \u00e9 promovido pela Igreja Assembleia de Deus em Salo\u00e1, Minist\u00e9rio do Estado de Pernambuco. Dentro da programa\u00e7\u00e3o est\u00e1 a presen\u00e7a de v\u00e1rios pastores, cantores, grupos e comiss\u00f5es de mulheres [&hellip;]<\/p>\n","protected":false},"author":1,"featured_media":0,"comment_status":"open","ping_status":"open","sticky":false,"template":"","format":"standard","meta":{"footnotes":""},"categories":[2],"tags":[],"class_list":["post-1715","post","type-post","status-publish","format-standard","hentry","category-noticias-do-dia"],"_links":{"self":[{"href":"https:\/\/www.saloanoticias.com\/v1\/wp-json\/wp\/v2\/posts\/1715","targetHints":{"allow":["GET"]}}],"collection":[{"href":"https:\/\/www.saloanoticias.com\/v1\/wp-json\/wp\/v2\/posts"}],"about":[{"href":"https:\/\/www.saloanoticias.com\/v1\/wp-json\/wp\/v2\/types\/post"}],"author":[{"embeddable":true,"href":"https:\/\/www.saloanoticias.com\/v1\/wp-json\/wp\/v2\/users\/1"}],"replies":[{"embeddable":true,"href":"https:\/\/www.saloanoticias.com\/v1\/wp-json\/wp\/v2\/comments?post=1715"}],"version-history":[{"count":0,"href":"https:\/\/www.saloanoticias.com\/v1\/wp-json\/wp\/v2\/posts\/1715\/revisions"}],"wp:attachment":[{"href":"https:\/\/www.saloanoticias.com\/v1\/wp-json\/wp\/v2\/media?parent=1715"}],"wp:term":[{"taxonomy":"category","embeddable":true,"href":"https:\/\/www.saloanoticias.com\/v1\/wp-json\/wp\/v2\/categories?post=1715"},{"taxonomy":"post_tag","embeddable":true,"href":"https:\/\/www.saloanoticias.com\/v1\/wp-json\/wp\/v2\/tags?post=1715"}],"curies":[{"name":"wp","href":"https:\/\/api.w.org\/{rel}","templated":true}]}}