{"id":1714,"date":"2015-03-28T17:00:00","date_gmt":"2015-03-28T17:00:00","guid":{"rendered":"https:\/\/saloanoticias.mrmediaweb.com\/v1\/2015\/03\/28\/bil-farias-perde-eleicao-e-uvp-tem-nova-diretoria\/"},"modified":"2015-03-28T17:00:00","modified_gmt":"2015-03-28T17:00:00","slug":"bil-farias-perde-eleicao-e-uvp-tem-nova-diretoria","status":"publish","type":"post","link":"https:\/\/www.saloanoticias.com\/v1\/bil-farias-perde-eleicao-e-uvp-tem-nova-diretoria\/","title":{"rendered":"BIL FARIAS PERDE ELEI\u00c7\u00c3O E UVP TEM NOVA DIRETORIA"},"content":{"rendered":"<p align=\"justify\"><font size=\"3\" face=\"Arial\"><a href=\"http:\/\/www.saloanoticias.com\/images\/salo-notcias-8_e2bbfdd5c1dc3f91cc3636a77c3dc0de.jpg\"><img loading=\"lazy\" decoding=\"async\" title=\"Salo&aacute; Not&iacute;cias 8\" style=\"border-top: 0px; border-right: 0px; background-image: none; border-bottom: 0px; float: left; padding-top: 0px; padding-left: 0px; margin: 5px 5px 0px 0px; border-left: 0px; display: inline; padding-right: 0px\" border=\"0\" alt=\"Salo&aacute; Not&iacute;cias 8\" src=\"http:\/\/www.saloanoticias.com\/v1\/wp-content\/uploads\/imagens\/salo-notcias-8_thumb_6a586022e13c001947e118d5e92ae904.jpg\" width=\"206\" align=\"left\" height=\"162\"><\/a>Mesmo sem o envolvimento do Partido Trabalhista Brasileiro (PTB) nas elei\u00e7\u00f5es da Uni\u00e3o dos Vereadores de Pernambuco (UVP), o vereador de Timba\u00faba, Josinaldo Barbosa (PTB), foi eleito nesta sexta-feira (27) como o novo presidente da institui\u00e7\u00e3o. O petebista foi escolhido durante Congresso Estadual de Vereadores realizado em Triunfo, Sert\u00e3o de Pernambuco. <\/font><font size=\"3\" face=\"Arial\">O petebista venceu com 429 votos a favor contra 419 do ex-presidente, Biu Farias (PSB) que tentava a reelei\u00e7\u00e3o. O novo presidente \u00e9, al\u00e9m de parlamentar, presidente da C\u00e2mara de Vereadores de Timba\u00faba.<\/font> <\/p>\n<p align=\"justify\"><font size=\"3\" face=\"Arial\">A vit\u00f3ria do vereador petebista alegrou a oposi\u00e7\u00e3o da Assembleia Legislativa de Pernambuco. Na p\u00e1gina de seu Twitter, a deputada Teresa Leit\u00e3o (PT) comemorou a vit\u00f3ria. \u201cChapa de oposi\u00e7\u00e3o ganha elei\u00e7\u00e3o para dire\u00e7\u00e3o da Uni\u00e3o dos Vereadores de Pernambuco!\u201d, festejou a petista. <\/font><font size=\"3\" face=\"Arial\">A alegria da parlamentar n\u00e3o foi \u00e0 mesma do vice-presidente do PTB em Pernambuco, deputado Jos\u00e9 Humberto Cavalcanti. \u201cNa verdade n\u00f3s n\u00e3o fomos procurados nem por uma for\u00e7a nem por outra, ent\u00e3o n\u00f3s n\u00e3o nos envolvemos, como tamb\u00e9m n\u00e3o nos envolvemos na elei\u00e7\u00e3o da Amupe (Associa\u00e7\u00e3o Municipalista de Pernambuco)\u201d, comentou o deputado, revelando proximidade com o ex-presidente.<\/font> <\/p>\n<p align=\"justify\"><font size=\"3\" face=\"Arial\">\u201cA gente teve uma boa rela\u00e7\u00e3o com o atual presidente\u201d, contou. <\/font><font size=\"3\" face=\"Arial\">Apesar da postura neutra do vice-presidente da legenda no Estado, ele reconheceu que a vit\u00f3ria de Josinaldo Barbosa permite ao partido alcan\u00e7ar uma posi\u00e7\u00e3o e um ponto positivo e se colocou \u00e0 disposi\u00e7\u00e3o do correligion\u00e1rio. \u201cEu acho que ele, uma vez eleito e sendo do partido, tem toda legitimidade de nos procurar, mas n\u00e3o envolvemos neste processo das UVP\u201d, repetiu, frisando que a vit\u00f3ria \u00e9, sobretudo, para o pr\u00f3prio.<\/font><\/p>\n<div style=\"margin-top: 0px; margin-bottom: 0px;\" class=\"sharethis-inline-share-buttons\" ><\/div>","protected":false},"excerpt":{"rendered":"<p>Mesmo sem o envolvimento do Partido Trabalhista Brasileiro (PTB) nas elei\u00e7\u00f5es da Uni\u00e3o dos Vereadores de Pernambuco (UVP), o vereador de Timba\u00faba, Josinaldo Barbosa (PTB), foi eleito nesta sexta-feira (27) como o novo presidente da institui\u00e7\u00e3o. O petebista foi escolhido durante Congresso Estadual de Vereadores realizado em Triunfo, Sert\u00e3o de Pernambuco. O petebista venceu com [&hellip;]<\/p>\n","protected":false},"author":1,"featured_media":0,"comment_status":"open","ping_status":"open","sticky":false,"template":"","format":"standard","meta":{"footnotes":""},"categories":[2],"tags":[],"class_list":["post-1714","post","type-post","status-publish","format-standard","hentry","category-noticias-do-dia"],"_links":{"self":[{"href":"https:\/\/www.saloanoticias.com\/v1\/wp-json\/wp\/v2\/posts\/1714","targetHints":{"allow":["GET"]}}],"collection":[{"href":"https:\/\/www.saloanoticias.com\/v1\/wp-json\/wp\/v2\/posts"}],"about":[{"href":"https:\/\/www.saloanoticias.com\/v1\/wp-json\/wp\/v2\/types\/post"}],"author":[{"embeddable":true,"href":"https:\/\/www.saloanoticias.com\/v1\/wp-json\/wp\/v2\/users\/1"}],"replies":[{"embeddable":true,"href":"https:\/\/www.saloanoticias.com\/v1\/wp-json\/wp\/v2\/comments?post=1714"}],"version-history":[{"count":0,"href":"https:\/\/www.saloanoticias.com\/v1\/wp-json\/wp\/v2\/posts\/1714\/revisions"}],"wp:attachment":[{"href":"https:\/\/www.saloanoticias.com\/v1\/wp-json\/wp\/v2\/media?parent=1714"}],"wp:term":[{"taxonomy":"category","embeddable":true,"href":"https:\/\/www.saloanoticias.com\/v1\/wp-json\/wp\/v2\/categories?post=1714"},{"taxonomy":"post_tag","embeddable":true,"href":"https:\/\/www.saloanoticias.com\/v1\/wp-json\/wp\/v2\/tags?post=1714"}],"curies":[{"name":"wp","href":"https:\/\/api.w.org\/{rel}","templated":true}]}}