{"id":1711,"date":"2015-03-27T18:01:24","date_gmt":"2015-03-27T18:01:24","guid":{"rendered":"https:\/\/saloanoticias.mrmediaweb.com\/v1\/2015\/03\/27\/blog-agreste-mix-realiza-evento-social\/"},"modified":"2015-03-27T18:01:24","modified_gmt":"2015-03-27T18:01:24","slug":"blog-agreste-mix-realiza-evento-social","status":"publish","type":"post","link":"https:\/\/www.saloanoticias.com\/v1\/blog-agreste-mix-realiza-evento-social\/","title":{"rendered":"BLOG AGRESTE MIX VAI REALIZAR EVENTO SOCIAL NO M\u00caS DE ABRIL EM SALO\u00c1"},"content":{"rendered":"<p align=\"justify\"><font size=\"3\" face=\"Arial\"><a href=\"http:\/\/www.saloanoticias.com\/images\/elmes-120.jpg\"><img loading=\"lazy\" decoding=\"async\" title=\"Elmes 120\" style=\"border-left-width: 0px; border-right-width: 0px; background-image: none; border-bottom-width: 0px; float: none; padding-top: 0px; padding-left: 0px; margin: 0px auto 10px; display: block; padding-right: 0px; border-top-width: 0px\" border=\"0\" alt=\"Elmes 120\" src=\"http:\/\/www.saloanoticias.com\/v1\/wp-content\/uploads\/imagens\/elmes-120_thumb.jpg\" width=\"525\" height=\"348\"><\/a>O jovem Elmes Silva respons\u00e1vel pelo destacado blog Agreste Mix realizar\u00e1 mais um grande evento social na cidade de Salo\u00e1, ser\u00e1 o pr\u00eamio \u201cMelhores do Ano\u201d, que premiar\u00e1 as personalidade e empresas que foram destaques no ano de 2014. O evento acontecer\u00e1 no dia 11 de abril na quadra poliesportiva da escola S\u00e3o Vicente, a partir das 19 horas. Mais informa\u00e7\u00f5es sobre esta festa voc\u00ea encontra atrav\u00e9s do telefone (87) 8117 \u2013 6458.<\/font><\/p>\n<div style=\"margin-top: 0px; margin-bottom: 0px;\" class=\"sharethis-inline-share-buttons\" ><\/div>","protected":false},"excerpt":{"rendered":"<p>O jovem Elmes Silva respons\u00e1vel pelo destacado blog Agreste Mix realizar\u00e1 mais um grande evento social na cidade de Salo\u00e1, ser\u00e1 o pr\u00eamio \u201cMelhores do Ano\u201d, que premiar\u00e1 as personalidade e empresas que foram destaques no ano de 2014. O evento acontecer\u00e1 no dia 11 de abril na quadra poliesportiva da escola S\u00e3o Vicente, a [&hellip;]<\/p>\n","protected":false},"author":1,"featured_media":0,"comment_status":"open","ping_status":"open","sticky":false,"template":"","format":"standard","meta":{"footnotes":""},"categories":[2],"tags":[],"class_list":["post-1711","post","type-post","status-publish","format-standard","hentry","category-noticias-do-dia"],"_links":{"self":[{"href":"https:\/\/www.saloanoticias.com\/v1\/wp-json\/wp\/v2\/posts\/1711","targetHints":{"allow":["GET"]}}],"collection":[{"href":"https:\/\/www.saloanoticias.com\/v1\/wp-json\/wp\/v2\/posts"}],"about":[{"href":"https:\/\/www.saloanoticias.com\/v1\/wp-json\/wp\/v2\/types\/post"}],"author":[{"embeddable":true,"href":"https:\/\/www.saloanoticias.com\/v1\/wp-json\/wp\/v2\/users\/1"}],"replies":[{"embeddable":true,"href":"https:\/\/www.saloanoticias.com\/v1\/wp-json\/wp\/v2\/comments?post=1711"}],"version-history":[{"count":0,"href":"https:\/\/www.saloanoticias.com\/v1\/wp-json\/wp\/v2\/posts\/1711\/revisions"}],"wp:attachment":[{"href":"https:\/\/www.saloanoticias.com\/v1\/wp-json\/wp\/v2\/media?parent=1711"}],"wp:term":[{"taxonomy":"category","embeddable":true,"href":"https:\/\/www.saloanoticias.com\/v1\/wp-json\/wp\/v2\/categories?post=1711"},{"taxonomy":"post_tag","embeddable":true,"href":"https:\/\/www.saloanoticias.com\/v1\/wp-json\/wp\/v2\/tags?post=1711"}],"curies":[{"name":"wp","href":"https:\/\/api.w.org\/{rel}","templated":true}]}}