{"id":1710,"date":"2015-03-27T11:00:00","date_gmt":"2015-03-27T11:00:00","guid":{"rendered":"https:\/\/saloanoticias.mrmediaweb.com\/v1\/2015\/03\/27\/mais-de-30-pessoas-aceitam-a-jesus-no-iii-adora-saloa\/"},"modified":"2015-03-27T11:00:00","modified_gmt":"2015-03-27T11:00:00","slug":"mais-de-30-pessoas-aceitam-a-jesus-no-iii-adora-saloa","status":"publish","type":"post","link":"https:\/\/www.saloanoticias.com\/v1\/mais-de-30-pessoas-aceitam-a-jesus-no-iii-adora-saloa\/","title":{"rendered":"MAIS DE 35 PESSOAS ACEITAM A JESUS NO III ADORA SALO\u00c1"},"content":{"rendered":"<p align=\"justify\"><font size=\"3\" face=\"Arial\"><a href=\"http:\/\/www.saloanoticias.com\/images\/salo-notcias-foto_767d887bb884e628e94b4247d82c872d.jpg\"><img loading=\"lazy\" decoding=\"async\" title=\"Salo&aacute; Not&iacute;cias foto\" style=\"border-left-width: 0px; border-right-width: 0px; background-image: none; border-bottom-width: 0px; float: none; padding-top: 0px; padding-left: 0px; margin: 0px auto 10px; display: block; padding-right: 0px; border-top-width: 0px\" border=\"0\" alt=\"Salo&aacute; Not&iacute;cias foto\" src=\"http:\/\/www.saloanoticias.com\/v1\/wp-content\/uploads\/imagens\/salo-notcias-foto_thumb_b99f236b87faf421e8e23c0b1aea857e.jpg\" width=\"536\" height=\"355\"><\/a>O III Adora Salo\u00e1, evento que aconteceu no \u00faltimo s\u00e1bado, dia 21 de mar\u00e7o, teve um saldo bastante positivo. Al\u00e9m de ter levado milhares de pessoas as ruas, a festa trascorreu na mais perfeita harmonia e seguran\u00e7a. Segundo os organizadores, foi um evento para jamais ser esquecido, j\u00e1 que reuniu um grande p\u00fablico de fi\u00e9is no objetivo de adorar a Deus. Ainda segundo eles, mais de 35 pessoas entregaram as suas vidas aos p\u00e9s de Jesus, e sem d\u00favidas essas pessoas ir\u00e3o procurar uma igreja para congregarem.<\/font><\/p>\n<p align=\"justify\"><font size=\"3\" face=\"Arial\">O III Adora Salo\u00e1 reuniu evang\u00e9licos de todas as igrejas do munic\u00edpio e proporcionou uma verdadeira uni\u00e3o entre as mesmas. Destacamos a presen\u00e7a na coordena\u00e7\u00e3o do evento os pastores das principais igrejas da cidade. Depois do grande sucesso j\u00e1 se fala no IV Adora Salo\u00e1 no ano de 2016.<\/font><\/p>\n<div style=\"margin-top: 0px; margin-bottom: 0px;\" class=\"sharethis-inline-share-buttons\" ><\/div>","protected":false},"excerpt":{"rendered":"<p>O III Adora Salo\u00e1, evento que aconteceu no \u00faltimo s\u00e1bado, dia 21 de mar\u00e7o, teve um saldo bastante positivo. Al\u00e9m de ter levado milhares de pessoas as ruas, a festa trascorreu na mais perfeita harmonia e seguran\u00e7a. Segundo os organizadores, foi um evento para jamais ser esquecido, j\u00e1 que reuniu um grande p\u00fablico de fi\u00e9is [&hellip;]<\/p>\n","protected":false},"author":1,"featured_media":0,"comment_status":"open","ping_status":"open","sticky":false,"template":"","format":"standard","meta":{"footnotes":""},"categories":[2],"tags":[],"class_list":["post-1710","post","type-post","status-publish","format-standard","hentry","category-noticias-do-dia"],"_links":{"self":[{"href":"https:\/\/www.saloanoticias.com\/v1\/wp-json\/wp\/v2\/posts\/1710","targetHints":{"allow":["GET"]}}],"collection":[{"href":"https:\/\/www.saloanoticias.com\/v1\/wp-json\/wp\/v2\/posts"}],"about":[{"href":"https:\/\/www.saloanoticias.com\/v1\/wp-json\/wp\/v2\/types\/post"}],"author":[{"embeddable":true,"href":"https:\/\/www.saloanoticias.com\/v1\/wp-json\/wp\/v2\/users\/1"}],"replies":[{"embeddable":true,"href":"https:\/\/www.saloanoticias.com\/v1\/wp-json\/wp\/v2\/comments?post=1710"}],"version-history":[{"count":0,"href":"https:\/\/www.saloanoticias.com\/v1\/wp-json\/wp\/v2\/posts\/1710\/revisions"}],"wp:attachment":[{"href":"https:\/\/www.saloanoticias.com\/v1\/wp-json\/wp\/v2\/media?parent=1710"}],"wp:term":[{"taxonomy":"category","embeddable":true,"href":"https:\/\/www.saloanoticias.com\/v1\/wp-json\/wp\/v2\/categories?post=1710"},{"taxonomy":"post_tag","embeddable":true,"href":"https:\/\/www.saloanoticias.com\/v1\/wp-json\/wp\/v2\/tags?post=1710"}],"curies":[{"name":"wp","href":"https:\/\/api.w.org\/{rel}","templated":true}]}}