{"id":1709,"date":"2015-03-26T11:00:00","date_gmt":"2015-03-26T11:00:00","guid":{"rendered":"https:\/\/saloanoticias.mrmediaweb.com\/v1\/2015\/03\/26\/ricardo-quer-dialogo-com-a-populacao\/"},"modified":"2015-03-26T11:00:00","modified_gmt":"2015-03-26T11:00:00","slug":"ricardo-quer-dialogo-com-a-populacao","status":"publish","type":"post","link":"https:\/\/www.saloanoticias.com\/v1\/ricardo-quer-dialogo-com-a-populacao\/","title":{"rendered":"PREFEITO RICARDO QUER DI\u00c1LOGO COM A POPULA\u00c7\u00c3O"},"content":{"rendered":"<p align=\"justify\"><font size=\"3\" face=\"Arial\"><a href=\"http:\/\/www.saloanoticias.com\/images\/ricardo-alves_3f3dc508aa62629249ca4c9fef1bb02f.jpg\"><img loading=\"lazy\" decoding=\"async\" title=\"Ricardo Alves\" style=\"border-top: 0px; border-right: 0px; background-image: none; border-bottom: 0px; float: left; padding-top: 0px; padding-left: 0px; margin: 5px 5px 0px 0px; border-left: 0px; display: inline; padding-right: 0px\" border=\"0\" alt=\"Ricardo Alves\" align=\"left\" src=\"http:\/\/www.saloanoticias.com\/v1\/wp-content\/uploads\/imagens\/ricardo-alves_thumb_b6c3dd5ebe80d64fa1340e86903c93ab.jpg\" width=\"189\" height=\"203\"><\/a>Salo\u00e1 realiza Audi\u00eancia P\u00fablica e garante governo participativo. <\/font><font size=\"3\" face=\"Arial\">Na pr\u00f3xima sexta-feira (27), a prefeitura de Salo\u00e1 vai realizar, a partir das 19h00 a primeira audi\u00eancia p\u00fablica deste ano. O objetivo do prefeito Ricardo Alves (PMDB) \u00e9 mostrar ao povo as a\u00e7\u00f5es que vem sendo desenvolvidas no munic\u00edpio, al\u00e9m de proporcionar um maior di\u00e1logo do gestor com a popula\u00e7\u00e3o. O primeiro bairro a ser contemplado \u00e9 a Cohab Nova, atualmente o maior canteiro de obras da cidade.<\/font> <\/p>\n<p align=\"justify\"><font size=\"3\" face=\"Arial\">No bairro est\u00e3o sendo constru\u00eddas uma escola, um PSF e o novo curral de gado. A Cohab Nova tamb\u00e9m est\u00e1 recebendo saneamento, cal\u00e7amento de todas as ruas, ilumina\u00e7\u00e3o p\u00fablica e melhorias no abastecimento d\u2019\u00e1gua. As Audi\u00eancia P\u00fablicas dever\u00e3o acontecer em outras localidades do munic\u00edpio. Na ocasi\u00e3o o prefeito estar\u00e1 acompanhado de todo o seu secretariado e assessores. A ideia \u00e9 de proporcionar um atendimento pontual para as quest\u00f5es mais emergentes e garantir a participa\u00e7\u00e3o da popula\u00e7\u00e3o numa gest\u00e3o democr\u00e1tica.<\/font> <\/p>\n<p align=\"justify\"><font size=\"3\" face=\"Arial\">As Audi\u00eancias P\u00fablicas cumprem o papel da Ouvidoria do Munic\u00edpio. Com elas, o munic\u00edpio de Salo\u00e1 corresponde \u00e0s orienta\u00e7\u00f5es do Tribunal de Contas do Estado de promover a transpar\u00eancia e visibilidade das a\u00e7\u00f5es realizadas pelo Governo. Toda a popula\u00e7\u00e3o est\u00e1 sendo convidada a participar.<\/font> <\/p>\n<p align=\"center\"><font size=\"3\" face=\"Arial\">Expediente:<\/font> <\/p>\n<p align=\"center\"><font size=\"3\" face=\"Arial\">Audi\u00eancia P\u00fablica:<\/font> <\/p>\n<p align=\"center\"><font size=\"3\" face=\"Arial\">\u201ca opini\u00e3o dos moradores da cidade sobre as obas da Cohab Nova\u201d<\/font> <\/p>\n<p align=\"center\"><font size=\"3\" face=\"Arial\">Local: Nova Creche, Rua 01 \u2013 Cohab Nova \u2013 Salo\u00e1<\/font> <\/p>\n<p align=\"center\"><font size=\"3\" face=\"Arial\">Dia 27 de mar\u00e7o de 2015 &#8211; Hor\u00e1rio: 19:00<\/font> <\/p>\n<p align=\"center\"><font size=\"3\" face=\"Arial\">Local: Nova Creche, Rua 01 \u2013 Cohab Nova \u2013 Salo\u00e1<\/font> <\/p>\n<p align=\"center\"><font size=\"3\" face=\"Arial\">Dia 27 de mar\u00e7o de 2015 &#8211; Hor\u00e1rio: 19:00<\/font><\/p>\n<div style=\"margin-top: 0px; margin-bottom: 0px;\" class=\"sharethis-inline-share-buttons\" ><\/div>","protected":false},"excerpt":{"rendered":"<p>Salo\u00e1 realiza Audi\u00eancia P\u00fablica e garante governo participativo. Na pr\u00f3xima sexta-feira (27), a prefeitura de Salo\u00e1 vai realizar, a partir das 19h00 a primeira audi\u00eancia p\u00fablica deste ano. O objetivo do prefeito Ricardo Alves (PMDB) \u00e9 mostrar ao povo as a\u00e7\u00f5es que vem sendo desenvolvidas no munic\u00edpio, al\u00e9m de proporcionar um maior di\u00e1logo do gestor [&hellip;]<\/p>\n","protected":false},"author":1,"featured_media":0,"comment_status":"open","ping_status":"open","sticky":false,"template":"","format":"standard","meta":{"footnotes":""},"categories":[2],"tags":[],"class_list":["post-1709","post","type-post","status-publish","format-standard","hentry","category-noticias-do-dia"],"_links":{"self":[{"href":"https:\/\/www.saloanoticias.com\/v1\/wp-json\/wp\/v2\/posts\/1709","targetHints":{"allow":["GET"]}}],"collection":[{"href":"https:\/\/www.saloanoticias.com\/v1\/wp-json\/wp\/v2\/posts"}],"about":[{"href":"https:\/\/www.saloanoticias.com\/v1\/wp-json\/wp\/v2\/types\/post"}],"author":[{"embeddable":true,"href":"https:\/\/www.saloanoticias.com\/v1\/wp-json\/wp\/v2\/users\/1"}],"replies":[{"embeddable":true,"href":"https:\/\/www.saloanoticias.com\/v1\/wp-json\/wp\/v2\/comments?post=1709"}],"version-history":[{"count":0,"href":"https:\/\/www.saloanoticias.com\/v1\/wp-json\/wp\/v2\/posts\/1709\/revisions"}],"wp:attachment":[{"href":"https:\/\/www.saloanoticias.com\/v1\/wp-json\/wp\/v2\/media?parent=1709"}],"wp:term":[{"taxonomy":"category","embeddable":true,"href":"https:\/\/www.saloanoticias.com\/v1\/wp-json\/wp\/v2\/categories?post=1709"},{"taxonomy":"post_tag","embeddable":true,"href":"https:\/\/www.saloanoticias.com\/v1\/wp-json\/wp\/v2\/tags?post=1709"}],"curies":[{"name":"wp","href":"https:\/\/api.w.org\/{rel}","templated":true}]}}