{"id":1708,"date":"2015-03-25T13:00:00","date_gmt":"2015-03-25T13:00:00","guid":{"rendered":"https:\/\/saloanoticias.mrmediaweb.com\/v1\/2015\/03\/25\/prefeitura-realizara-audiencia-publica-sexta-feira\/"},"modified":"2015-03-25T13:00:00","modified_gmt":"2015-03-25T13:00:00","slug":"prefeitura-realizara-audiencia-publica-sexta-feira","status":"publish","type":"post","link":"https:\/\/www.saloanoticias.com\/v1\/prefeitura-realizara-audiencia-publica-sexta-feira\/","title":{"rendered":"PREFEITURA SALO\u00c1 REALIZAR\u00c1 AUDI\u00caNCIA P\u00daBLICA NA SEXTA-FEIRA (27)"},"content":{"rendered":"<p align=\"justify\"><font size=\"3\" face=\"Arial\"><a href=\"http:\/\/www.saloanoticias.com\/images\/a-logomarca-da-prefeitura---cpia_5ad1dc328e7af1c4b450fed6f243123e.jpg\"><img loading=\"lazy\" decoding=\"async\" title=\"A Logomarca da Prefeitura - C&oacute;pia\" style=\"border-left-width: 0px; border-right-width: 0px; background-image: none; border-bottom-width: 0px; float: left; padding-top: 0px; padding-left: 0px; margin: 5px 5px 0px 0px; display: inline; padding-right: 0px; border-top-width: 0px\" border=\"0\" alt=\"A Logomarca da Prefeitura - C&oacute;pia\" align=\"left\" src=\"http:\/\/www.saloanoticias.com\/v1\/wp-content\/uploads\/imagens\/a-logomarca-da-prefeitura---cpia_thumb_701db18f59d8f31554b21e9cac9a5ea0.jpg\" width=\"219\" height=\"181\"><\/a>O prefeito do munic\u00edpio de Salo\u00e1\/PE, tem a honra de convidar a popula\u00e7\u00e3o em geral para participar da audi\u00eancia p\u00fablica, com o tema \u2013 \u201cA opini\u00e3o dos Moradores da Cidade Sobre as Novas Obras na Cohab e Seu Melhor Uso\u201d, em especial, para ouvir a popula\u00e7\u00e3o sobre as comunidades que ser\u00e3o beneficiadas pela Nova Creche, o Novo PSF, o novo local da Feira do Gado, a Nova Escola do Bairro.<\/font><\/p>\n<p align=\"justify\"><font size=\"3\" face=\"Arial\">Bem como tamb\u00e9m a situa\u00e7\u00e3o da Academia das Cidades, a Ilumina\u00e7\u00e3o P\u00fablica, o Cal\u00e7amento e Saneamento, a Arboriza\u00e7\u00e3o, a Seguran\u00e7a P\u00fablica, os Programas Sociais e o Abastecimento de \u00c1gua pela Compesa.<\/font><\/p>\n<p align=\"justify\"><font size=\"3\" face=\"Arial\">O evento ter\u00e1 a participa\u00e7\u00e3o do poder executivo, com o prefeito e secret\u00e1rios, do poder legislativo, com os vereadores, representantes da Compesa, das empresas construtoras, engenheiros e principalmente a participa\u00e7\u00e3o popular. Tudo isso acontecer\u00e1 nas depend\u00eancias da nova creche na Rua 1 no dia 27 de mar\u00e7o de 2015 \u00e0s 19 horas.<\/font><\/p>\n<div style=\"margin-top: 0px; margin-bottom: 0px;\" class=\"sharethis-inline-share-buttons\" ><\/div>","protected":false},"excerpt":{"rendered":"<p>O prefeito do munic\u00edpio de Salo\u00e1\/PE, tem a honra de convidar a popula\u00e7\u00e3o em geral para participar da audi\u00eancia p\u00fablica, com o tema \u2013 \u201cA opini\u00e3o dos Moradores da Cidade Sobre as Novas Obras na Cohab e Seu Melhor Uso\u201d, em especial, para ouvir a popula\u00e7\u00e3o sobre as comunidades que ser\u00e3o beneficiadas pela Nova Creche, [&hellip;]<\/p>\n","protected":false},"author":1,"featured_media":0,"comment_status":"open","ping_status":"open","sticky":false,"template":"","format":"standard","meta":{"footnotes":""},"categories":[2],"tags":[],"class_list":["post-1708","post","type-post","status-publish","format-standard","hentry","category-noticias-do-dia"],"_links":{"self":[{"href":"https:\/\/www.saloanoticias.com\/v1\/wp-json\/wp\/v2\/posts\/1708","targetHints":{"allow":["GET"]}}],"collection":[{"href":"https:\/\/www.saloanoticias.com\/v1\/wp-json\/wp\/v2\/posts"}],"about":[{"href":"https:\/\/www.saloanoticias.com\/v1\/wp-json\/wp\/v2\/types\/post"}],"author":[{"embeddable":true,"href":"https:\/\/www.saloanoticias.com\/v1\/wp-json\/wp\/v2\/users\/1"}],"replies":[{"embeddable":true,"href":"https:\/\/www.saloanoticias.com\/v1\/wp-json\/wp\/v2\/comments?post=1708"}],"version-history":[{"count":0,"href":"https:\/\/www.saloanoticias.com\/v1\/wp-json\/wp\/v2\/posts\/1708\/revisions"}],"wp:attachment":[{"href":"https:\/\/www.saloanoticias.com\/v1\/wp-json\/wp\/v2\/media?parent=1708"}],"wp:term":[{"taxonomy":"category","embeddable":true,"href":"https:\/\/www.saloanoticias.com\/v1\/wp-json\/wp\/v2\/categories?post=1708"},{"taxonomy":"post_tag","embeddable":true,"href":"https:\/\/www.saloanoticias.com\/v1\/wp-json\/wp\/v2\/tags?post=1708"}],"curies":[{"name":"wp","href":"https:\/\/api.w.org\/{rel}","templated":true}]}}