{"id":1707,"date":"2015-03-24T22:00:00","date_gmt":"2015-03-24T22:00:00","guid":{"rendered":"https:\/\/saloanoticias.mrmediaweb.com\/v1\/2015\/03\/24\/prefeitura-de-saloa-se-reune-com-professores-para-negociar-pcc\/"},"modified":"2015-03-24T22:00:00","modified_gmt":"2015-03-24T22:00:00","slug":"prefeitura-de-saloa-se-reune-com-professores-para-negociar-pcc","status":"publish","type":"post","link":"https:\/\/www.saloanoticias.com\/v1\/prefeitura-de-saloa-se-reune-com-professores-para-negociar-pcc\/","title":{"rendered":"PREFEITURA DE SALO\u00c1\/PE SE REUNIU COM PROFESSORES PARA NEGOCIAR O PCC"},"content":{"rendered":"<p align=\"justify\"><font size=\"3\" face=\"Arial\"><a href=\"http:\/\/www.saloanoticias.com\/images\/salo-notcias-foto_d36b3d90d1d2799a791922bd9c40ffcb.jpg\"><img loading=\"lazy\" decoding=\"async\" title=\"Salo&aacute; Not&iacute;cias foto\" style=\"border-left-width: 0px; border-right-width: 0px; background-image: none; border-bottom-width: 0px; float: none; padding-top: 0px; padding-left: 0px; margin: 0px auto 10px; display: block; padding-right: 0px; border-top-width: 0px\" border=\"0\" alt=\"Salo&aacute; Not&iacute;cias foto\" src=\"http:\/\/www.saloanoticias.com\/v1\/wp-content\/uploads\/imagens\/salo-notcias-foto_thumb_b58d12a6e550b3d97b5cf80921fbb3a6.jpg\" width=\"533\" height=\"400\"><\/a>Aconteceu na tarde desta ter\u00e7a-feira (24), no plen\u00e1rio da c\u00e2mara dos vereadores uma reuni\u00e3o entre a prefeitura municipal de Salo\u00e1, vereadores, Minist\u00e9rio&nbsp; P\u00fablico, representado pelo promotor Alexandre Bezerra, professores da rede municipal de ensino e sindicato para negocia\u00e7\u00e3o do PCC \u2013 Plano de Cargos e Carreiras dos Profissionais do Munic\u00edpio. Representando o executivo estavam o prefeito Ricardo e o contador Natanael Vasconcelos.<\/font><\/p>\n<p align=\"justify\"><a href=\"http:\/\/www.saloanoticias.com\/images\/salo4.jpg\"><img loading=\"lazy\" decoding=\"async\" title=\"Salo&aacute;4\" style=\"border-left-width: 0px; border-right-width: 0px; background-image: none; border-bottom-width: 0px; float: none; padding-top: 0px; padding-left: 0px; margin-left: auto; display: block; padding-right: 0px; border-top-width: 0px; margin-right: auto\" border=\"0\" alt=\"Salo&aacute;4\" src=\"http:\/\/www.saloanoticias.com\/v1\/wp-content\/uploads\/imagens\/salo4_thumb.jpg\" width=\"534\" height=\"338\"><\/a><\/p>\n<p align=\"justify\"><font size=\"3\" face=\"Arial\">As discurs\u00f5es come\u00e7aram com o contador da prefeitura que explicou com muitos detalhes a realidade do munic\u00edpios na atualidade, inclusive Salo\u00e1, mostrando planilhas e n\u00fameros, disse que todas as prefeituras est\u00e3o sofrendo com os baixos \u00edndices de repasses do governo federal. A professora Maria Aparecida, presidente do SINDUPROM disse que os professores ir\u00e3o aproofundar os conhecimentos sobre os n\u00famueros apresenatdos e somente depois se posicionaria com mais precis\u00e3o.<\/font><\/p>\n<p align=\"justify\"><a href=\"http:\/\/www.saloanoticias.com\/images\/salo-notcias2.jpg\"><img loading=\"lazy\" decoding=\"async\" title=\"Salo&aacute; Not&iacute;cias2\" style=\"border-left-width: 0px; border-right-width: 0px; background-image: none; border-bottom-width: 0px; float: none; padding-top: 0px; padding-left: 0px; margin-left: auto; display: block; padding-right: 0px; border-top-width: 0px; margin-right: auto\" border=\"0\" alt=\"Salo&aacute; Not&iacute;cias2\" src=\"http:\/\/www.saloanoticias.com\/v1\/wp-content\/uploads\/imagens\/salo-notcias2_thumb.jpg\" width=\"534\" height=\"407\"><\/a><\/p>\n<p align=\"justify\"><font size=\"3\" face=\"Arial\">O prefeito Ricardo (PMDB) falou tamb\u00e9m e disse que a categoria dos professores compreendessem a situa\u00e7\u00e3o e pediu at\u00e9 a ajuda de todos no sentido de solucionar a quest\u00e3o. O advogado do sindicato, Sr. Andr\u00e9 Gustavo, tamb\u00e9m usou da palavra e, disse que os professores devem ser valorizados, pois, \u00e9 muito destagastante o labor dos mesmos, ainda mais com o ajuste de medir as aulas em 60 horas de rel\u00f3gio, ao inv\u00e9s de 50 horas como \u00e9 agora.<\/font><\/p>\n<p align=\"justify\"><a href=\"http:\/\/www.saloanoticias.com\/images\/salo-notcas3.jpg\"><img loading=\"lazy\" decoding=\"async\" title=\"Salo&aacute; Not&iacute;cas3\" style=\"border-left-width: 0px; border-right-width: 0px; background-image: none; border-bottom-width: 0px; float: none; padding-top: 0px; padding-left: 0px; margin-left: auto; display: block; padding-right: 0px; border-top-width: 0px; margin-right: auto\" border=\"0\" alt=\"Salo&aacute; Not&iacute;cas3\" src=\"http:\/\/www.saloanoticias.com\/v1\/wp-content\/uploads\/imagens\/salo-notcas3_thumb.jpg\" width=\"537\" height=\"316\"><\/a><\/p>\n<p align=\"justify\"><font size=\"3\" face=\"Arial\">Alguns vereadores tamb\u00e9m se posicionaram a respeito do assunto, entre eles a edil Vilma da Prata (PSB). Segundo ela, os vereadores s\u00e3o os juizes da causa e dever\u00e3o dar o melhor de si para que tudo se resolva o mais r\u00e1pido poss\u00edvel. J\u00e1 o vereador Wellington Ara\u00fajo (PP) acredita que da forma que t\u00e1 o PCC os profissionais ser\u00e3o prejudicados.<\/font><\/p>\n<p align=\"justify\"><font size=\"3\" face=\"Arial\">J\u00e1 o promotor de justi\u00e7a, Dr. Alexandre Bezerra, parabenizou o prefeito pela iniciativa de disponibilizar os dados da prefeitura para outros atores, inclusive transparecendo os atos administrativos. Segundo ele o pa\u00eds est\u00e1 passando por uma grande crise que atinge diretamente a agricultura das pequenas cidades, inclusive Salo\u00e1 e, que isso repecuti em dificuldades financeiras. Destacou que acredita que as coisas ser\u00e3o resolvidas de uma forma justa para ambas as partes. O promotor enfatiozu que antes, nem mesmo o PCC havia chegado a c\u00e3mara, e, que agora j\u00e1 est\u00e1 sendo analisado pelo legislativo.<\/font><\/p>\n<p align=\"justify\"><font size=\"3\" face=\"Arial\">Ronaldinho (PSDB), se disse preocupado com as finan\u00e7as do munic\u00edpio, parabenizou o prefeito pela coragem de tratar sobre este assunto em um momento de crise como esse e se disse otimista na solu\u00e7\u00e3o do empasse com o plano de cargos e carreiras. O coordenador do Minist\u00e9rio P\u00fablico, Dr. Maviael de Souza tamb\u00e9m usou da palavra e agradeceu a aten\u00e7\u00e3o de todos os presentes. Por fim, o presidente da c\u00e2mara encerrou a sess\u00e3o de audi\u00eancia p\u00fablica.<\/font><\/p>\n<div style=\"margin-top: 0px; margin-bottom: 0px;\" class=\"sharethis-inline-share-buttons\" ><\/div>","protected":false},"excerpt":{"rendered":"<p>Aconteceu na tarde desta ter\u00e7a-feira (24), no plen\u00e1rio da c\u00e2mara dos vereadores uma reuni\u00e3o entre a prefeitura municipal de Salo\u00e1, vereadores, Minist\u00e9rio&nbsp; P\u00fablico, representado pelo promotor Alexandre Bezerra, professores da rede municipal de ensino e sindicato para negocia\u00e7\u00e3o do PCC \u2013 Plano de Cargos e Carreiras dos Profissionais do Munic\u00edpio. Representando o executivo estavam o [&hellip;]<\/p>\n","protected":false},"author":1,"featured_media":0,"comment_status":"open","ping_status":"open","sticky":false,"template":"","format":"standard","meta":{"footnotes":""},"categories":[2],"tags":[],"class_list":["post-1707","post","type-post","status-publish","format-standard","hentry","category-noticias-do-dia"],"_links":{"self":[{"href":"https:\/\/www.saloanoticias.com\/v1\/wp-json\/wp\/v2\/posts\/1707","targetHints":{"allow":["GET"]}}],"collection":[{"href":"https:\/\/www.saloanoticias.com\/v1\/wp-json\/wp\/v2\/posts"}],"about":[{"href":"https:\/\/www.saloanoticias.com\/v1\/wp-json\/wp\/v2\/types\/post"}],"author":[{"embeddable":true,"href":"https:\/\/www.saloanoticias.com\/v1\/wp-json\/wp\/v2\/users\/1"}],"replies":[{"embeddable":true,"href":"https:\/\/www.saloanoticias.com\/v1\/wp-json\/wp\/v2\/comments?post=1707"}],"version-history":[{"count":0,"href":"https:\/\/www.saloanoticias.com\/v1\/wp-json\/wp\/v2\/posts\/1707\/revisions"}],"wp:attachment":[{"href":"https:\/\/www.saloanoticias.com\/v1\/wp-json\/wp\/v2\/media?parent=1707"}],"wp:term":[{"taxonomy":"category","embeddable":true,"href":"https:\/\/www.saloanoticias.com\/v1\/wp-json\/wp\/v2\/categories?post=1707"},{"taxonomy":"post_tag","embeddable":true,"href":"https:\/\/www.saloanoticias.com\/v1\/wp-json\/wp\/v2\/tags?post=1707"}],"curies":[{"name":"wp","href":"https:\/\/api.w.org\/{rel}","templated":true}]}}