{"id":1706,"date":"2015-03-24T18:00:00","date_gmt":"2015-03-24T18:00:00","guid":{"rendered":"https:\/\/saloanoticias.mrmediaweb.com\/v1\/2015\/03\/24\/escola-sao-vicente-realiza-palestra-sobre-agua-e-sua-importancia-para-a-vida\/"},"modified":"2015-03-24T18:00:00","modified_gmt":"2015-03-24T18:00:00","slug":"escola-sao-vicente-realiza-palestra-sobre-agua-e-sua-importancia-para-a-vida","status":"publish","type":"post","link":"https:\/\/www.saloanoticias.com\/v1\/escola-sao-vicente-realiza-palestra-sobre-agua-e-sua-importancia-para-a-vida\/","title":{"rendered":"ESCOLA S\u00c3O VICENTE REALIZOU PALESTRA SOBRE \u00c1GUA E SUA IMPORT\u00c2NCIA PARA A VIDA DAS PESSOAS"},"content":{"rendered":"<p align=\"justify\"><font size=\"3\" face=\"Arial\"><a href=\"http:\/\/www.saloanoticias.com\/images\/salo-notcias-8_5b4ea48fefd8f97f75bde8edc65ab6bd.jpg\"><img loading=\"lazy\" decoding=\"async\" title=\"Salo&aacute; Not&iacute;cias 8\" style=\"border-top: 0px; border-right: 0px; background-image: none; border-bottom: 0px; float: none; padding-top: 0px; padding-left: 0px; margin: 0px auto 10px; border-left: 0px; display: block; padding-right: 0px\" border=\"0\" alt=\"Salo&aacute; Not&iacute;cias 8\" src=\"http:\/\/www.saloanoticias.com\/v1\/wp-content\/uploads\/imagens\/salo-notcias-8_thumb_f1f2267a835e56ea16751a03644cdf46.jpg\" width=\"591\" height=\"395\"><\/a>ESCOLA MUNICIPAL S\u00c3O VICENTE&nbsp; &#8211;&nbsp; A Escola Municipal S\u00e3o Vicente realizou uma p<\/font><font size=\"3\" face=\"Arial\">alestra para 6\u00ba e 9\u00ba anos do Ensino Fundamental II sobre \u201c\u00c1GUA E SUA IMPORT\u00c2NCIA PARA A VIDA\u201d, atrav\u00e9s do projeto dia d&#8217;\u00e1gua, coordenado por <\/font><a href=\"https:\/\/www.facebook.com\/alexdinizsilva.diniz\"><font size=\"3\" face=\"Arial\">Alex Diniz<\/font><\/a><font size=\"3\" face=\"Arial\"> e <\/font><a href=\"https:\/\/www.facebook.com\/municipal.svicente\"><font size=\"3\" face=\"Arial\">Escola Municipal S\u00e3o Vicente<\/font><\/a><font size=\"3\" face=\"Arial\">. E, assim, destacaram os problemas que o mundo vem enfrentando com a escassez de \u00e1gua e as atitudes di\u00e1rias que temos e devemos realizar sobre a necessidade de economiz\u00e1-la.<\/font><\/p>\n<p align=\"justify\"><a href=\"http:\/\/www.saloanoticias.com\/images\/sn_6e66b232facb82b0fbd65090d3096ade.jpg\"><img loading=\"lazy\" decoding=\"async\" title=\"SN\" style=\"border-top: 0px; border-right: 0px; background-image: none; border-bottom: 0px; float: none; padding-top: 0px; padding-left: 0px; margin: 10px auto; border-left: 0px; display: block; padding-right: 0px\" border=\"0\" alt=\"SN\" src=\"http:\/\/www.saloanoticias.com\/v1\/wp-content\/uploads\/imagens\/sn_thumb_c1b1aea89f9255cb568c761b54d14ca0.jpg\" width=\"588\" height=\"392\"><\/a><\/p>\n<p align=\"justify\"><font size=\"3\" face=\"Arial\">Portanto, onde morre o desperd\u00edcio, nasce a vida. E, ainda, com o apoio das professoras Tatiana, Wanessa, Su\u00eania e <\/font><a href=\"https:\/\/www.facebook.com\/carla.barranova\"><font size=\"3\" face=\"Arial\">Carla Barra Nova<\/font><\/a><font size=\"3\" face=\"Arial\">. Texto e fotos da Escola Municipal S\u00e3o Vicente.<\/font> <\/p>\n<p align=\"justify\"><font size=\"3\" face=\"Arial\"><a href=\"http:\/\/www.saloanoticias.com\/images\/salo-notcias-9_a0078b6a11e3cef84ffd9764d3d5da96.jpg\"><img loading=\"lazy\" decoding=\"async\" title=\"Salo&aacute; Not&iacute;cias 9\" style=\"border-top: 0px; border-right: 0px; background-image: none; border-bottom: 0px; float: none; padding-top: 0px; padding-left: 0px; margin: 10px auto; border-left: 0px; display: block; padding-right: 0px\" border=\"0\" alt=\"Salo&aacute; Not&iacute;cias 9\" src=\"http:\/\/www.saloanoticias.com\/v1\/wp-content\/uploads\/imagens\/salo-notcias-9_thumb_17ee08cc39e8b95ecd2d26a9cd50ac3a.jpg\" width=\"593\" height=\"396\"><\/a><\/font> <\/p>\n<p align=\"justify\"><font size=\"3\" face=\"Arial\"><a href=\"http:\/\/www.saloanoticias.com\/images\/salo-notcias_5f18f8c709ecaa179047569246cd07c7.jpg\"><img loading=\"lazy\" decoding=\"async\" title=\"Salo&aacute; Not&iacute;cias\" style=\"border-top: 0px; border-right: 0px; background-image: none; border-bottom: 0px; float: none; padding-top: 0px; padding-left: 0px; margin: 10px auto; border-left: 0px; display: block; padding-right: 0px\" border=\"0\" alt=\"Salo&aacute; Not&iacute;cias\" src=\"http:\/\/www.saloanoticias.com\/v1\/wp-content\/uploads\/imagens\/salo-notcias_thumb_7f294342608c03e537dd9e1fab6b3b65.jpg\" width=\"592\" height=\"395\"><\/a><\/font><\/p>\n<div style=\"margin-top: 0px; margin-bottom: 0px;\" class=\"sharethis-inline-share-buttons\" ><\/div>","protected":false},"excerpt":{"rendered":"<p>ESCOLA MUNICIPAL S\u00c3O VICENTE&nbsp; &#8211;&nbsp; A Escola Municipal S\u00e3o Vicente realizou uma palestra para 6\u00ba e 9\u00ba anos do Ensino Fundamental II sobre \u201c\u00c1GUA E SUA IMPORT\u00c2NCIA PARA A VIDA\u201d, atrav\u00e9s do projeto dia d&#8217;\u00e1gua, coordenado por Alex Diniz e Escola Municipal S\u00e3o Vicente. E, assim, destacaram os problemas que o mundo vem enfrentando com [&hellip;]<\/p>\n","protected":false},"author":1,"featured_media":0,"comment_status":"open","ping_status":"open","sticky":false,"template":"","format":"standard","meta":{"footnotes":""},"categories":[2],"tags":[],"class_list":["post-1706","post","type-post","status-publish","format-standard","hentry","category-noticias-do-dia"],"_links":{"self":[{"href":"https:\/\/www.saloanoticias.com\/v1\/wp-json\/wp\/v2\/posts\/1706","targetHints":{"allow":["GET"]}}],"collection":[{"href":"https:\/\/www.saloanoticias.com\/v1\/wp-json\/wp\/v2\/posts"}],"about":[{"href":"https:\/\/www.saloanoticias.com\/v1\/wp-json\/wp\/v2\/types\/post"}],"author":[{"embeddable":true,"href":"https:\/\/www.saloanoticias.com\/v1\/wp-json\/wp\/v2\/users\/1"}],"replies":[{"embeddable":true,"href":"https:\/\/www.saloanoticias.com\/v1\/wp-json\/wp\/v2\/comments?post=1706"}],"version-history":[{"count":0,"href":"https:\/\/www.saloanoticias.com\/v1\/wp-json\/wp\/v2\/posts\/1706\/revisions"}],"wp:attachment":[{"href":"https:\/\/www.saloanoticias.com\/v1\/wp-json\/wp\/v2\/media?parent=1706"}],"wp:term":[{"taxonomy":"category","embeddable":true,"href":"https:\/\/www.saloanoticias.com\/v1\/wp-json\/wp\/v2\/categories?post=1706"},{"taxonomy":"post_tag","embeddable":true,"href":"https:\/\/www.saloanoticias.com\/v1\/wp-json\/wp\/v2\/tags?post=1706"}],"curies":[{"name":"wp","href":"https:\/\/api.w.org\/{rel}","templated":true}]}}