{"id":1705,"date":"2015-03-24T15:35:03","date_gmt":"2015-03-24T15:35:03","guid":{"rendered":"https:\/\/saloanoticias.mrmediaweb.com\/v1\/2015\/03\/24\/uvp-realiza-eleicao-neste-final-de-semana\/"},"modified":"2015-03-24T15:35:03","modified_gmt":"2015-03-24T15:35:03","slug":"uvp-realiza-eleicao-neste-final-de-semana","status":"publish","type":"post","link":"https:\/\/www.saloanoticias.com\/v1\/uvp-realiza-eleicao-neste-final-de-semana\/","title":{"rendered":"UVP REALIZAR\u00c1 ELEI\u00c7\u00c3O NESTE FINAL DE SEMANA EM TRIUNFO\/PE"},"content":{"rendered":"<p align=\"justify\"><font size=\"3\" face=\"Arial\"><a href=\"http:\/\/www.saloanoticias.com\/images\/uvp_39353ecc17a925c02661a9bfcd98c2c2.jpg\"><img loading=\"lazy\" decoding=\"async\" title=\"UVP\" style=\"border-top: 0px; border-right: 0px; background-image: none; border-bottom: 0px; float: left; padding-top: 0px; padding-left: 0px; margin: 5px 5px 0px 0px; border-left: 0px; display: inline; padding-right: 0px\" border=\"0\" alt=\"UVP\" src=\"http:\/\/www.saloanoticias.com\/v1\/wp-content\/uploads\/imagens\/uvp_thumb_7ddb32d6785557ff9da4299901749d66.jpg\" width=\"185\" align=\"left\" height=\"185\"><\/a>A Uni\u00e3o dos Vereadores de Pernambuco vai realizar a elei\u00e7\u00e3o para a escolha do novo presidente e diretoria da entidade, no pr\u00f3ximo dia 27 de mar\u00e7o, durante o Congresso Estadual de Vereadores e Servidores de C\u00e2maras e Prefeituras Municipais de Pernambuco, que acontece no audit\u00f3rio do Hotel Sesc, em Triunfo, nos dias 25, 26 e 27 deste m\u00eas. <\/font><font size=\"3\" face=\"Arial\">A elei\u00e7\u00e3o conta com duas chapas na disputa: a primeira delas \u00e9 encabe\u00e7ada pelo vereador Biu Farias (PSB \u2013 Surubim, atual presidente e candidato \u00e0 reelei\u00e7\u00e3o) (chapa 1); e a segunda por Josinaldo Barbosa (PTB \u2013 atual presidente da C\u00e2mara Municipal de Timba\u00faba), da chapa 2.<\/font> <\/p>\n<p align=\"justify\"><font size=\"3\" face=\"Arial\">O evento discutir\u00e1 temas de interesse do parlamento municipal, como \u201cReforma Eleitoral\u201d, \u201cFiscaliza\u00e7\u00e3o dos Regimes Pr\u00f3prios de Previd\u00eancia\u201d, \u201cFiscaliza\u00e7\u00e3o do Transporte Escolar da Rede Municipal de Ensino\u201d e \u201cImplanta\u00e7\u00e3o da Lei Geral das Micro e Pequenas Empresas nos munic\u00edpios\u201d, conduzida pelo SEBRAE-PE. <\/font><font size=\"3\" face=\"Arial\">A UVP recebe neste encontro os deputados estaduais Beto Accioly (SD), Eriberto Medeiros (PTC) e Diogo Moraes (PSB). \u201cO maior desafio da UVP tem sido unir a categoria para que todos defendam as prerrogativas da fun\u00e7\u00e3o.<\/font> <\/p>\n<p align=\"justify\"><font size=\"3\" face=\"Arial\">Por isso, sempre conversamos com os vereadores e mostramos que a presen\u00e7a deles na UVP \u00e9 importante para a institui\u00e7\u00e3o e, principalmente, para o seu munic\u00edpio e regi\u00e3o. A nossa chapa expressa esse pensamento de que unidos somos fortes e sendo assim conquistaremos mais benef\u00edcios para a nossa popula\u00e7\u00e3o\u201d, ressalta o atual presidente.<\/font><\/p>\n<div style=\"margin-top: 0px; margin-bottom: 0px;\" class=\"sharethis-inline-share-buttons\" ><\/div>","protected":false},"excerpt":{"rendered":"<p>A Uni\u00e3o dos Vereadores de Pernambuco vai realizar a elei\u00e7\u00e3o para a escolha do novo presidente e diretoria da entidade, no pr\u00f3ximo dia 27 de mar\u00e7o, durante o Congresso Estadual de Vereadores e Servidores de C\u00e2maras e Prefeituras Municipais de Pernambuco, que acontece no audit\u00f3rio do Hotel Sesc, em Triunfo, nos dias 25, 26 e [&hellip;]<\/p>\n","protected":false},"author":1,"featured_media":0,"comment_status":"open","ping_status":"open","sticky":false,"template":"","format":"standard","meta":{"footnotes":""},"categories":[2],"tags":[],"class_list":["post-1705","post","type-post","status-publish","format-standard","hentry","category-noticias-do-dia"],"_links":{"self":[{"href":"https:\/\/www.saloanoticias.com\/v1\/wp-json\/wp\/v2\/posts\/1705","targetHints":{"allow":["GET"]}}],"collection":[{"href":"https:\/\/www.saloanoticias.com\/v1\/wp-json\/wp\/v2\/posts"}],"about":[{"href":"https:\/\/www.saloanoticias.com\/v1\/wp-json\/wp\/v2\/types\/post"}],"author":[{"embeddable":true,"href":"https:\/\/www.saloanoticias.com\/v1\/wp-json\/wp\/v2\/users\/1"}],"replies":[{"embeddable":true,"href":"https:\/\/www.saloanoticias.com\/v1\/wp-json\/wp\/v2\/comments?post=1705"}],"version-history":[{"count":0,"href":"https:\/\/www.saloanoticias.com\/v1\/wp-json\/wp\/v2\/posts\/1705\/revisions"}],"wp:attachment":[{"href":"https:\/\/www.saloanoticias.com\/v1\/wp-json\/wp\/v2\/media?parent=1705"}],"wp:term":[{"taxonomy":"category","embeddable":true,"href":"https:\/\/www.saloanoticias.com\/v1\/wp-json\/wp\/v2\/categories?post=1705"},{"taxonomy":"post_tag","embeddable":true,"href":"https:\/\/www.saloanoticias.com\/v1\/wp-json\/wp\/v2\/tags?post=1705"}],"curies":[{"name":"wp","href":"https:\/\/api.w.org\/{rel}","templated":true}]}}