{"id":15209,"date":"2021-07-26T10:08:23","date_gmt":"2021-07-26T13:08:23","guid":{"rendered":"https:\/\/www.saloanoticias.com\/v1\/?p=15209"},"modified":"2021-07-26T11:25:43","modified_gmt":"2021-07-26T14:25:43","slug":"secretaria-de-educacao-recebe-dois-onibus-0km-para-transporte-escolar","status":"publish","type":"post","link":"https:\/\/www.saloanoticias.com\/v1\/secretaria-de-educacao-recebe-dois-onibus-0km-para-transporte-escolar\/","title":{"rendered":"SECRETARIA DE EDUCA\u00c7\u00c3O RECEBE DOIS \u00d4NIBUS 0KM PARA TRANSPORTE ESCOLAR"},"content":{"rendered":"\n<p>Na \u00faltima quarta-feira (21), o Prefeito J\u00fanior de Rivaldo (MDB) entregou \u00e0 popula\u00e7\u00e3o de Salo\u00e1\/PE, dois \u00f4nibus 0km. Os ve\u00edculos oriundos de emendas parlamentares dos deputados Danilo Cabral (PSB) e Pastor Eurico (Patriotas) far\u00e3o parte da frota de ve\u00edculos que atender\u00e3o aos alunos do Munic\u00edpio. As chaves foram entregues ao Secret\u00e1rio de Educa\u00e7\u00e3o \u00c1lvaro Deangelles e seu Adjunto, F\u00e1bio Brand\u00e3o.<\/p>\n\n\n\n<p>Com mais estes equipamentos de transporte escolar, Salo\u00e1 continua renovando sua frota de ve\u00edculos trazendo mais conforto e seguran\u00e7a para os alunos da rede municipal de ensino. As aulas est\u00e3o previstas para terem in\u00edcio em breve e contar\u00e1 com uma grande estrutura. Os ve\u00edculos s\u00e3o equipados com elevadores remotos que d\u00e3o acessibilidade aos alunos com defici\u00eancias f\u00edsicas.<\/p>\n\n\n\n<figure class=\"wp-block-image size-large\"><img loading=\"lazy\" decoding=\"async\" width=\"940\" height=\"427\" src=\"https:\/\/www.saloanoticias.com\/v1\/wp-content\/uploads\/2021\/07\/217259194_10226667117040923_2589273486848512782_n-1.jpg\" alt=\"\" class=\"wp-image-15211\" srcset=\"https:\/\/www.saloanoticias.com\/v1\/wp-content\/uploads\/2021\/07\/217259194_10226667117040923_2589273486848512782_n-1.jpg 940w, https:\/\/www.saloanoticias.com\/v1\/wp-content\/uploads\/2021\/07\/217259194_10226667117040923_2589273486848512782_n-1-300x136.jpg 300w, https:\/\/www.saloanoticias.com\/v1\/wp-content\/uploads\/2021\/07\/217259194_10226667117040923_2589273486848512782_n-1-768x349.jpg 768w\" sizes=\"auto, (max-width: 940px) 100vw, 940px\" \/><\/figure>\n<div style=\"margin-top: 0px; margin-bottom: 0px;\" class=\"sharethis-inline-share-buttons\" ><\/div>","protected":false},"excerpt":{"rendered":"<p>Na \u00faltima quarta-feira (21), o Prefeito J\u00fanior de Rivaldo (MDB) entregou \u00e0 popula\u00e7\u00e3o de Salo\u00e1\/PE, dois \u00f4nibus 0km. Os ve\u00edculos oriundos de emendas parlamentares dos deputados Danilo Cabral (PSB) e Pastor Eurico (Patriotas) far\u00e3o parte da frota de ve\u00edculos que atender\u00e3o aos alunos do Munic\u00edpio. As chaves foram entregues ao Secret\u00e1rio de Educa\u00e7\u00e3o \u00c1lvaro Deangelles [&hellip;]<\/p>\n","protected":false},"author":1,"featured_media":15210,"comment_status":"closed","ping_status":"closed","sticky":false,"template":"","format":"standard","meta":{"footnotes":""},"categories":[17],"tags":[22],"class_list":["post-15209","post","type-post","status-publish","format-standard","has-post-thumbnail","hentry","category-educacao","tag-destaques"],"_links":{"self":[{"href":"https:\/\/www.saloanoticias.com\/v1\/wp-json\/wp\/v2\/posts\/15209","targetHints":{"allow":["GET"]}}],"collection":[{"href":"https:\/\/www.saloanoticias.com\/v1\/wp-json\/wp\/v2\/posts"}],"about":[{"href":"https:\/\/www.saloanoticias.com\/v1\/wp-json\/wp\/v2\/types\/post"}],"author":[{"embeddable":true,"href":"https:\/\/www.saloanoticias.com\/v1\/wp-json\/wp\/v2\/users\/1"}],"replies":[{"embeddable":true,"href":"https:\/\/www.saloanoticias.com\/v1\/wp-json\/wp\/v2\/comments?post=15209"}],"version-history":[{"count":5,"href":"https:\/\/www.saloanoticias.com\/v1\/wp-json\/wp\/v2\/posts\/15209\/revisions"}],"predecessor-version":[{"id":15218,"href":"https:\/\/www.saloanoticias.com\/v1\/wp-json\/wp\/v2\/posts\/15209\/revisions\/15218"}],"wp:featuredmedia":[{"embeddable":true,"href":"https:\/\/www.saloanoticias.com\/v1\/wp-json\/wp\/v2\/media\/15210"}],"wp:attachment":[{"href":"https:\/\/www.saloanoticias.com\/v1\/wp-json\/wp\/v2\/media?parent=15209"}],"wp:term":[{"taxonomy":"category","embeddable":true,"href":"https:\/\/www.saloanoticias.com\/v1\/wp-json\/wp\/v2\/categories?post=15209"},{"taxonomy":"post_tag","embeddable":true,"href":"https:\/\/www.saloanoticias.com\/v1\/wp-json\/wp\/v2\/tags?post=15209"}],"curies":[{"name":"wp","href":"https:\/\/api.w.org\/{rel}","templated":true}]}}