{"id":13394,"date":"2021-02-18T18:29:09","date_gmt":"2021-02-18T21:29:09","guid":{"rendered":"https:\/\/www.saloanoticias.com\/v1\/?p=13394"},"modified":"2021-02-18T18:47:05","modified_gmt":"2021-02-18T21:47:05","slug":"creas-de-saloa-realiza-encontro-com-carroceiros-da-feira-livre","status":"publish","type":"post","link":"https:\/\/www.saloanoticias.com\/v1\/creas-de-saloa-realiza-encontro-com-carroceiros-da-feira-livre\/","title":{"rendered":"CREAS DE SALO\u00c1 REALIZA ENCONTRO COM CARROCEIROS DA FEIRA LIVRE"},"content":{"rendered":"\n<p>O Governo Municipal de Salo\u00e1, atrav\u00e9s da Secretaria Municipal de Assist\u00eancia Social e o CREAS, realizaram nesta quarta feira (17), um encontro com todos os \u201ccarroceiros\u201d que fazem frete na feira livre do munic\u00edpio. O encontro teve como objetivo organizar e orientar os carroceiros, para que n\u00e3o haja colabora\u00e7\u00e3o com o trabalho infantil.<\/p>\n\n\n\n<div class=\"wp-block-image\"><figure class=\"aligncenter size-large\"><img loading=\"lazy\" decoding=\"async\" width=\"1024\" height=\"576\" src=\"https:\/\/www.saloanoticias.com\/v1\/wp-content\/uploads\/2021\/02\/CREAS-2-1024x576.jpg\" alt=\"\" class=\"wp-image-13396\" srcset=\"https:\/\/www.saloanoticias.com\/v1\/wp-content\/uploads\/2021\/02\/CREAS-2-1024x576.jpg 1024w, https:\/\/www.saloanoticias.com\/v1\/wp-content\/uploads\/2021\/02\/CREAS-2-300x169.jpg 300w, https:\/\/www.saloanoticias.com\/v1\/wp-content\/uploads\/2021\/02\/CREAS-2-768x432.jpg 768w, https:\/\/www.saloanoticias.com\/v1\/wp-content\/uploads\/2021\/02\/CREAS-2.jpg 1280w\" sizes=\"auto, (max-width: 1024px) 100vw, 1024px\" \/><\/figure><\/div>\n\n\n\n<p>A Coordenadora do CREAS, Cibelly de Fran\u00e7a Dantas, falou da import\u00e2ncia do \u201cFrete Legal\u201d, onde a Prefeitura ir\u00e1 entregar coletes e realizar um cadastro com todos os interessados. Mais uma a\u00e7\u00e3o do governo municipal que trabalha a cada dia para melhorar ainda mais a vida de toda a popula\u00e7\u00e3o.<\/p>\n<div style=\"margin-top: 0px; margin-bottom: 0px;\" class=\"sharethis-inline-share-buttons\" ><\/div>","protected":false},"excerpt":{"rendered":"<p>O Governo Municipal de Salo\u00e1, atrav\u00e9s da Secretaria Municipal de Assist\u00eancia Social e o CREAS, realizaram nesta quarta feira (17), um encontro com todos os \u201ccarroceiros\u201d que fazem frete na feira livre do munic\u00edpio. O encontro teve como objetivo organizar e orientar os carroceiros, para que n\u00e3o haja colabora\u00e7\u00e3o com o trabalho infantil. A Coordenadora [&hellip;]<\/p>\n","protected":false},"author":1,"featured_media":13395,"comment_status":"closed","ping_status":"closed","sticky":false,"template":"","format":"standard","meta":{"footnotes":""},"categories":[21],"tags":[22],"class_list":["post-13394","post","type-post","status-publish","format-standard","has-post-thumbnail","hentry","category-cidade","tag-destaques"],"_links":{"self":[{"href":"https:\/\/www.saloanoticias.com\/v1\/wp-json\/wp\/v2\/posts\/13394","targetHints":{"allow":["GET"]}}],"collection":[{"href":"https:\/\/www.saloanoticias.com\/v1\/wp-json\/wp\/v2\/posts"}],"about":[{"href":"https:\/\/www.saloanoticias.com\/v1\/wp-json\/wp\/v2\/types\/post"}],"author":[{"embeddable":true,"href":"https:\/\/www.saloanoticias.com\/v1\/wp-json\/wp\/v2\/users\/1"}],"replies":[{"embeddable":true,"href":"https:\/\/www.saloanoticias.com\/v1\/wp-json\/wp\/v2\/comments?post=13394"}],"version-history":[{"count":1,"href":"https:\/\/www.saloanoticias.com\/v1\/wp-json\/wp\/v2\/posts\/13394\/revisions"}],"predecessor-version":[{"id":13397,"href":"https:\/\/www.saloanoticias.com\/v1\/wp-json\/wp\/v2\/posts\/13394\/revisions\/13397"}],"wp:featuredmedia":[{"embeddable":true,"href":"https:\/\/www.saloanoticias.com\/v1\/wp-json\/wp\/v2\/media\/13395"}],"wp:attachment":[{"href":"https:\/\/www.saloanoticias.com\/v1\/wp-json\/wp\/v2\/media?parent=13394"}],"wp:term":[{"taxonomy":"category","embeddable":true,"href":"https:\/\/www.saloanoticias.com\/v1\/wp-json\/wp\/v2\/categories?post=13394"},{"taxonomy":"post_tag","embeddable":true,"href":"https:\/\/www.saloanoticias.com\/v1\/wp-json\/wp\/v2\/tags?post=13394"}],"curies":[{"name":"wp","href":"https:\/\/api.w.org\/{rel}","templated":true}]}}