{"id":13317,"date":"2021-02-11T19:06:30","date_gmt":"2021-02-11T22:06:30","guid":{"rendered":"https:\/\/www.saloanoticias.com\/v1\/?p=13317"},"modified":"2021-02-11T20:40:23","modified_gmt":"2021-02-11T23:40:23","slug":"governo-de-pernambuco-inicia-o-pagamento-do-13-do-bolsa-familia-estadual","status":"publish","type":"post","link":"https:\/\/www.saloanoticias.com\/v1\/governo-de-pernambuco-inicia-o-pagamento-do-13-do-bolsa-familia-estadual\/","title":{"rendered":"GOVERNO DE PERNAMBUCO INICIA O PAGAMENTO DO 13\u00ba DO BOLSA FAM\u00cdLIA ESTADUAL"},"content":{"rendered":"\n<p>O Governo de Pernambuco inicia, nesta quinta-feira (11.02), o pagamento do 13\u00ba do Bolsa Fam\u00edlia Estadual referente ao ano de 2020, que ser\u00e1 intercalado nos meses de fevereiro, mar\u00e7o e abril. Neste segundo ano de execu\u00e7\u00e3o, ser\u00e3o injetados, aproximadamente, R$ 154 milh\u00f5es na economia pernambucana com a parcela extra do programa. A disponibiliza\u00e7\u00e3o da verba, que pode chegar at\u00e9 R$ 150, \u00e9 feita de acordo com o final do N\u00famero de Identifica\u00e7\u00e3o Social (NIS) do usu\u00e1rio, come\u00e7ando com os de final UM (1) no dia 11 e seguindo at\u00e9 o dia 26 de fevereiro. Neste primeiro m\u00eas, ser\u00e3o contemplados os aniversariantes de janeiro, fevereiro, mar\u00e7o e abril.<\/p>\n\n\n\n<p>\u201cEnfrentar a pandemia da Covid-19 n\u00e3o tem sido f\u00e1cil para ningu\u00e9m, mas para a popula\u00e7\u00e3o mais vulner\u00e1vel o desafio da sobreviv\u00eancia \u00e9 di\u00e1rio. Mesmo com todo o cen\u00e1rio adverso da economia, Pernambuco paga, a partir de hoje, o 13\u00ba do Bolsa Fam\u00edlia Estadual. No total, s\u00e3o quase um milh\u00e3o e duzentas mil fam\u00edlias. Considerando que cada fam\u00edlia tem, em m\u00e9dia, quatro integrantes, esse n\u00famero de beneficiados representa praticamente metade da popula\u00e7\u00e3o do Estado. Espero que o 13\u00ba do Bolsa Fam\u00edlia Estadual ajude todos a atravessarem esse per\u00edodo dif\u00edcil e que avancemos na imuniza\u00e7\u00e3o para que possamos acelerar a retomada dos investimentos e gerar mais emprego e renda para a popula\u00e7\u00e3o\u201d, afirmou o governador Paulo C\u00e2mara.<\/p>\n\n\n\n<p>Para a desempregada Ana L\u00facia Cabral, a parcela extra do programa chegou em uma boa hora, pois vai ajudar no or\u00e7amento da casa. \u201cEu n\u00e3o estava trabalhando e meu marido estava doente em casa. Ent\u00e3o, ser\u00e1 uma ajuda muito boa para n\u00f3s. Com esse dinheiro eu compro g\u00e1s, fa\u00e7o as compras da casa e at\u00e9 algumas besteiras&#8221;, contou. Os pagamentos ser\u00e3o realizados nos mesmos locais e com o cart\u00e3o j\u00e1 utilizado pelo benefici\u00e1rio, mas s\u00f3 ter\u00e1 direito \u00e0 parcela extra quem recebeu o Bolsa Fam\u00edlia durante pelo menos metade dos meses do per\u00edodo de apura\u00e7\u00e3o, intercalado ou em meses seguidos.<\/p>\n\n\n\n<p>Os aniversariantes de maio, junho, julho e agosto come\u00e7am a receber o pagamento do 13\u00ba do Bolsa Fam\u00edlia de Pernambuco no dia 18 de mar\u00e7o, com final do NIS um. Essa segunda etapa segue at\u00e9 31 de mar\u00e7o. O m\u00eas de abril vai beneficiar quem completa anivers\u00e1rio nos meses de setembro, outubro, novembro e dezembro, sendo iniciado o pagamento no dia 16 e seguindo at\u00e9 o dia 30, conforme o final do NIS do benefici\u00e1rio. Em Pernambuco, 14 mil estabelecimentos s\u00e3o credenciados com nota fiscal eletr\u00f4nica. O reembolso pode chegar a at\u00e9 5% do valor total das compras com a aquisi\u00e7\u00e3o de itens de alimenta\u00e7\u00e3o, medicamentos, material de higiene pessoal e de limpeza, vestu\u00e1rio, cal\u00e7ado e g\u00e1s de cozinha, n\u00e3o ultrapassando o limite de R$ 150.<\/p>\n<div style=\"margin-top: 0px; margin-bottom: 0px;\" class=\"sharethis-inline-share-buttons\" ><\/div>","protected":false},"excerpt":{"rendered":"<p>O Governo de Pernambuco inicia, nesta quinta-feira (11.02), o pagamento do 13\u00ba do Bolsa Fam\u00edlia Estadual referente ao ano de 2020, que ser\u00e1 intercalado nos meses de fevereiro, mar\u00e7o e abril. Neste segundo ano de execu\u00e7\u00e3o, ser\u00e3o injetados, aproximadamente, R$ 154 milh\u00f5es na economia pernambucana com a parcela extra do programa. A disponibiliza\u00e7\u00e3o da verba, [&hellip;]<\/p>\n","protected":false},"author":1,"featured_media":12586,"comment_status":"closed","ping_status":"closed","sticky":false,"template":"","format":"standard","meta":{"footnotes":""},"categories":[2],"tags":[22],"class_list":["post-13317","post","type-post","status-publish","format-standard","has-post-thumbnail","hentry","category-noticias-do-dia","tag-destaques"],"_links":{"self":[{"href":"https:\/\/www.saloanoticias.com\/v1\/wp-json\/wp\/v2\/posts\/13317","targetHints":{"allow":["GET"]}}],"collection":[{"href":"https:\/\/www.saloanoticias.com\/v1\/wp-json\/wp\/v2\/posts"}],"about":[{"href":"https:\/\/www.saloanoticias.com\/v1\/wp-json\/wp\/v2\/types\/post"}],"author":[{"embeddable":true,"href":"https:\/\/www.saloanoticias.com\/v1\/wp-json\/wp\/v2\/users\/1"}],"replies":[{"embeddable":true,"href":"https:\/\/www.saloanoticias.com\/v1\/wp-json\/wp\/v2\/comments?post=13317"}],"version-history":[{"count":4,"href":"https:\/\/www.saloanoticias.com\/v1\/wp-json\/wp\/v2\/posts\/13317\/revisions"}],"predecessor-version":[{"id":13324,"href":"https:\/\/www.saloanoticias.com\/v1\/wp-json\/wp\/v2\/posts\/13317\/revisions\/13324"}],"wp:featuredmedia":[{"embeddable":true,"href":"https:\/\/www.saloanoticias.com\/v1\/wp-json\/wp\/v2\/media\/12586"}],"wp:attachment":[{"href":"https:\/\/www.saloanoticias.com\/v1\/wp-json\/wp\/v2\/media?parent=13317"}],"wp:term":[{"taxonomy":"category","embeddable":true,"href":"https:\/\/www.saloanoticias.com\/v1\/wp-json\/wp\/v2\/categories?post=13317"},{"taxonomy":"post_tag","embeddable":true,"href":"https:\/\/www.saloanoticias.com\/v1\/wp-json\/wp\/v2\/tags?post=13317"}],"curies":[{"name":"wp","href":"https:\/\/api.w.org\/{rel}","templated":true}]}}