{"id":13300,"date":"2021-02-08T18:13:33","date_gmt":"2021-02-08T21:13:33","guid":{"rendered":"https:\/\/www.saloanoticias.com\/v1\/?p=13300"},"modified":"2021-02-08T18:13:35","modified_gmt":"2021-02-08T21:13:35","slug":"pernambuco-investe-22-milhoes-em-sistema-de-dessalinizacao","status":"publish","type":"post","link":"https:\/\/www.saloanoticias.com\/v1\/pernambuco-investe-22-milhoes-em-sistema-de-dessalinizacao\/","title":{"rendered":"PERNAMBUCO INVESTE 22 MILH\u00d5ES EM SISTEMA DE DESSALINIZA\u00c7\u00c3O"},"content":{"rendered":"\n<p>Para garantir a seguran\u00e7a no abastecimento de \u00e1gua do Arquip\u00e9lago de Fernando de Noronha, o governador Paulo C\u00e2mara assinou, nesta segunda-feira (08.02), ordem de servi\u00e7o para a instala\u00e7\u00e3o de um novo sistema de dessaliniza\u00e7\u00e3o da \u00e1gua do mar. O processo, feito com a tecnologia de osmose reversa, recebeu um investimento de R$ 22 milh\u00f5es e resultar\u00e1 em um aumento de quase cinco vezes na oferta de \u00e1gua pot\u00e1vel para a popula\u00e7\u00e3o.\u00a0<br>O novo equipamento ter\u00e1 capacidade para produzir 72 metros c\u00fabicos de \u00e1gua por hora (m\u00b3\/h) \u2013 o atual produz 15 metros c\u00fabicos por hora. O objetivo \u00e9 que, no futuro, os dois sistemas operem de forma simult\u00e2nea.<\/p>\n\n\n\n<p>\u201c Ser\u00e3o investidos R$ 22 milh\u00f5es nesse novo equipamento e tamb\u00e9m na amplia\u00e7\u00e3o da rede de distribui\u00e7\u00e3o, do saneamento e do n\u00famero de po\u00e7os, o que vai permitir o fim do racionamento de \u00e1gua em Noronha. O novo dessalinizador vai aumentar a vaz\u00e3o atual de 15 metros c\u00fabicos por hora para 72 metros c\u00fabicos por hora, e a previs\u00e3o \u00e9 que obra seja conclu\u00edda at\u00e9 o pr\u00f3ximo m\u00eas de julho. Sem d\u00favida, \u00e9 uma a\u00e7\u00e3o fundamental para garantir seguran\u00e7a h\u00eddrica aos moradores de Fernando de Noronha e aos turistas que visitam a ilha\u201d, afirmou Paulo C\u00e2mara.<\/p>\n\n\n\n<p>A \u00e1gua dessalinizada em Fernando de Noronha corresponde a 30% do abastecimento do arquip\u00e9lago, que \u00e9 complementado com capta\u00e7\u00e3o de \u00e1gua doce do A\u00e7ude do Xar\u00e9u, tratada na Esta\u00e7\u00e3o de Tratamento de \u00c1gua da Compesa \u2013 ETA Noronha, e por po\u00e7os artesianos. O investimento inclui ainda a implanta\u00e7\u00e3o de outros servi\u00e7os e a aquisi\u00e7\u00e3o dos equipamentos necess\u00e1rios ao projeto, que est\u00e1 sob a coordena\u00e7\u00e3o da Compesa.<br>Al\u00e9m do aumento da produ\u00e7\u00e3o de \u00e1gua por meio do dessalinizador, tamb\u00e9m ser\u00e1 adquirido um reservat\u00f3rio met\u00e1lico com capacidade para mil metros c\u00fabicos, que garantir\u00e1 uma autonomia de at\u00e9 quatro horas de abastecimento da ilha, caso ocorra algum problema operacional. O projeto contempla ainda a aquisi\u00e7\u00e3o de conjuntos moto-bomba para \u00e1gua do mar, com seus respectivos quadros de comando, e a implanta\u00e7\u00e3o de quatro quil\u00f4metros de rede de distribui\u00e7\u00e3o para demandas futuras por \u00e1gua.<\/p>\n\n\n\n<p><strong>PO\u00c7OS ARTESIANOS<\/strong>\u00a0\u2013 Para garantir o refor\u00e7o da \u00e1gua, a Compesa est\u00e1 coordenando um processo de cess\u00e3o dos po\u00e7os da For\u00e7a A\u00e9rea Brasileira (Po\u00e7os 1, 2, 3, 4 e 7), que aguarda apenas a valida\u00e7\u00e3o do Controle Interno para proceder \u00e0s assinaturas do contrato. A expectativa \u00e9 que isso ocorra at\u00e9 mar\u00e7o. Al\u00e9m disso, a Compesa dar\u00e1 in\u00edcio \u00e0 perfura\u00e7\u00e3o de dois po\u00e7os artesianos com capacidade de produ\u00e7\u00e3o de tr\u00eas litros por segundo, para incrementar o abastecimento.<\/p>\n\n\n\n<p><strong>ESGOTAMENTO SANIT\u00c1RIO<\/strong>\u00a0\u2013 Al\u00e9m dos investimentos do Governo de Pernambuco no abastecimento em Fernando de Noronha, o esgotamento sanit\u00e1rio \u00e9 tamb\u00e9m prioridade nas a\u00e7\u00f5es previstas para a ilha pela Compesa, que j\u00e1 iniciou o levantamento topogr\u00e1fico e geot\u00e9cnico para contrata\u00e7\u00e3o do projeto de melhoria e amplia\u00e7\u00e3o do sistema de esgoto, com a implanta\u00e7\u00e3o de rede coletora, transporte e tratamento para todo o arquip\u00e9lago. Ap\u00f3s a conclus\u00e3o dos estudos iniciais, no prazo de 45 dias, inicia-se efetivamente a fase de contrata\u00e7\u00e3o do projeto.<\/p>\n<div style=\"margin-top: 0px; margin-bottom: 0px;\" class=\"sharethis-inline-share-buttons\" ><\/div>","protected":false},"excerpt":{"rendered":"<p>Para garantir a seguran\u00e7a no abastecimento de \u00e1gua do Arquip\u00e9lago de Fernando de Noronha, o governador Paulo C\u00e2mara assinou, nesta segunda-feira (08.02), ordem de servi\u00e7o para a instala\u00e7\u00e3o de um novo sistema de dessaliniza\u00e7\u00e3o da \u00e1gua do mar. O processo, feito com a tecnologia de osmose reversa, recebeu um investimento de R$ 22 milh\u00f5es e [&hellip;]<\/p>\n","protected":false},"author":1,"featured_media":12748,"comment_status":"closed","ping_status":"closed","sticky":false,"template":"","format":"standard","meta":{"footnotes":""},"categories":[2],"tags":[22],"class_list":["post-13300","post","type-post","status-publish","format-standard","has-post-thumbnail","hentry","category-noticias-do-dia","tag-destaques"],"_links":{"self":[{"href":"https:\/\/www.saloanoticias.com\/v1\/wp-json\/wp\/v2\/posts\/13300","targetHints":{"allow":["GET"]}}],"collection":[{"href":"https:\/\/www.saloanoticias.com\/v1\/wp-json\/wp\/v2\/posts"}],"about":[{"href":"https:\/\/www.saloanoticias.com\/v1\/wp-json\/wp\/v2\/types\/post"}],"author":[{"embeddable":true,"href":"https:\/\/www.saloanoticias.com\/v1\/wp-json\/wp\/v2\/users\/1"}],"replies":[{"embeddable":true,"href":"https:\/\/www.saloanoticias.com\/v1\/wp-json\/wp\/v2\/comments?post=13300"}],"version-history":[{"count":1,"href":"https:\/\/www.saloanoticias.com\/v1\/wp-json\/wp\/v2\/posts\/13300\/revisions"}],"predecessor-version":[{"id":13301,"href":"https:\/\/www.saloanoticias.com\/v1\/wp-json\/wp\/v2\/posts\/13300\/revisions\/13301"}],"wp:featuredmedia":[{"embeddable":true,"href":"https:\/\/www.saloanoticias.com\/v1\/wp-json\/wp\/v2\/media\/12748"}],"wp:attachment":[{"href":"https:\/\/www.saloanoticias.com\/v1\/wp-json\/wp\/v2\/media?parent=13300"}],"wp:term":[{"taxonomy":"category","embeddable":true,"href":"https:\/\/www.saloanoticias.com\/v1\/wp-json\/wp\/v2\/categories?post=13300"},{"taxonomy":"post_tag","embeddable":true,"href":"https:\/\/www.saloanoticias.com\/v1\/wp-json\/wp\/v2\/tags?post=13300"}],"curies":[{"name":"wp","href":"https:\/\/api.w.org\/{rel}","templated":true}]}}