{"id":13290,"date":"2021-02-05T22:13:59","date_gmt":"2021-02-06T01:13:59","guid":{"rendered":"https:\/\/www.saloanoticias.com\/v1\/?p=13290"},"modified":"2021-02-05T22:25:47","modified_gmt":"2021-02-06T01:25:47","slug":"carro-roubado-foi-abandonado-no-povoado-sao-serafim","status":"publish","type":"post","link":"https:\/\/www.saloanoticias.com\/v1\/carro-roubado-foi-abandonado-no-povoado-sao-serafim\/","title":{"rendered":"CARRO ROUBADO FOI ABANDONADO NO POVOADO S\u00c3O SERAFIM"},"content":{"rendered":"\n<p>Um ve\u00edculo EcoSport preto de placa QFI-7150 de Lajedo foi abandonado na madrugada desta sexta-feira (5) no povoado S\u00e3o Serafim, zona urbana da cidade de Salo\u00e1\/PE. Pelas informa\u00e7\u00f5es colhidas pelo Blog, o ve\u00edculo era roubado. Policiais civis estiveram no local e fizeram os primeiros levantamentos sobre o caso. O dono do carro foi localizado e imediatamente recebeu o bem. N\u00e3o se sabe ainda quem deixou o ve\u00edculo no local e qual a motiva\u00e7\u00e3o. O caso j\u00e1 est\u00e1 sendo investigado pela equipe da delegacia de Salo\u00e1 que \u00e9 liderada pela delegada Dra. Caroline Quagliato Roveri.<\/p>\n<div style=\"margin-top: 0px; margin-bottom: 0px;\" class=\"sharethis-inline-share-buttons\" ><\/div>","protected":false},"excerpt":{"rendered":"<p>Um ve\u00edculo EcoSport preto de placa QFI-7150 de Lajedo foi abandonado na madrugada desta sexta-feira (5) no povoado S\u00e3o Serafim, zona urbana da cidade de Salo\u00e1\/PE. Pelas informa\u00e7\u00f5es colhidas pelo Blog, o ve\u00edculo era roubado. Policiais civis estiveram no local e fizeram os primeiros levantamentos sobre o caso. O dono do carro foi localizado e [&hellip;]<\/p>\n","protected":false},"author":1,"featured_media":13291,"comment_status":"closed","ping_status":"closed","sticky":false,"template":"","format":"standard","meta":{"footnotes":""},"categories":[2],"tags":[22],"class_list":["post-13290","post","type-post","status-publish","format-standard","has-post-thumbnail","hentry","category-noticias-do-dia","tag-destaques"],"_links":{"self":[{"href":"https:\/\/www.saloanoticias.com\/v1\/wp-json\/wp\/v2\/posts\/13290","targetHints":{"allow":["GET"]}}],"collection":[{"href":"https:\/\/www.saloanoticias.com\/v1\/wp-json\/wp\/v2\/posts"}],"about":[{"href":"https:\/\/www.saloanoticias.com\/v1\/wp-json\/wp\/v2\/types\/post"}],"author":[{"embeddable":true,"href":"https:\/\/www.saloanoticias.com\/v1\/wp-json\/wp\/v2\/users\/1"}],"replies":[{"embeddable":true,"href":"https:\/\/www.saloanoticias.com\/v1\/wp-json\/wp\/v2\/comments?post=13290"}],"version-history":[{"count":2,"href":"https:\/\/www.saloanoticias.com\/v1\/wp-json\/wp\/v2\/posts\/13290\/revisions"}],"predecessor-version":[{"id":13294,"href":"https:\/\/www.saloanoticias.com\/v1\/wp-json\/wp\/v2\/posts\/13290\/revisions\/13294"}],"wp:featuredmedia":[{"embeddable":true,"href":"https:\/\/www.saloanoticias.com\/v1\/wp-json\/wp\/v2\/media\/13291"}],"wp:attachment":[{"href":"https:\/\/www.saloanoticias.com\/v1\/wp-json\/wp\/v2\/media?parent=13290"}],"wp:term":[{"taxonomy":"category","embeddable":true,"href":"https:\/\/www.saloanoticias.com\/v1\/wp-json\/wp\/v2\/categories?post=13290"},{"taxonomy":"post_tag","embeddable":true,"href":"https:\/\/www.saloanoticias.com\/v1\/wp-json\/wp\/v2\/tags?post=13290"}],"curies":[{"name":"wp","href":"https:\/\/api.w.org\/{rel}","templated":true}]}}