{"id":13257,"date":"2021-02-04T08:10:23","date_gmt":"2021-02-04T11:10:23","guid":{"rendered":"https:\/\/www.saloanoticias.com\/v1\/?p=13257"},"modified":"2021-02-04T10:12:19","modified_gmt":"2021-02-04T13:12:19","slug":"orquestra-meninos-de-saloa-esta-com-instituicoes-abertas","status":"publish","type":"post","link":"https:\/\/www.saloanoticias.com\/v1\/orquestra-meninos-de-saloa-esta-com-instituicoes-abertas\/","title":{"rendered":"ORQUESTRA \u201cMENINOS DE SALO\u00c1 EST\u00c1 COM INSCRI\u00c7\u00d5ES ABERTAS"},"content":{"rendered":"\n<p>A Secretaria de Assist\u00eancia Social de Salo\u00e1 informa que j\u00e1 est\u00e3o abertas as inscri\u00e7\u00f5es para participar da Orquestra Meninos de Salo\u00e1. Para participar \u00e9 bem simples. \u00c9 s\u00f3 procurar o Centro de Conviv\u00eancia de Idosos-CCI com a presen\u00e7a de um respons\u00e1vel e levar RG, CPF, NIS, ser benefici\u00e1rio do Bolsa Fam\u00edlia e levar um comprovante de resid\u00eancia para realizar a sua inscri\u00e7\u00e3o. As inscri\u00e7\u00f5es podem ser feitas de:<br>Segunda a Quinta 8h \u00e0s 11h30 e 13h \u00e0s 17h<br>Sexta: 8h \u00e0s 13h<\/p>\n\n\n\n<figure class=\"wp-block-image size-large\"><img loading=\"lazy\" decoding=\"async\" width=\"676\" height=\"1024\" src=\"https:\/\/www.saloanoticias.com\/v1\/wp-content\/uploads\/2021\/02\/3DF13A16-9395-4CF4-98B6-C2BC5BA35A39-676x1024.jpeg\" alt=\"\" class=\"wp-image-13262\" srcset=\"https:\/\/www.saloanoticias.com\/v1\/wp-content\/uploads\/2021\/02\/3DF13A16-9395-4CF4-98B6-C2BC5BA35A39-676x1024.jpeg 676w, https:\/\/www.saloanoticias.com\/v1\/wp-content\/uploads\/2021\/02\/3DF13A16-9395-4CF4-98B6-C2BC5BA35A39-198x300.jpeg 198w, https:\/\/www.saloanoticias.com\/v1\/wp-content\/uploads\/2021\/02\/3DF13A16-9395-4CF4-98B6-C2BC5BA35A39-768x1163.jpeg 768w, https:\/\/www.saloanoticias.com\/v1\/wp-content\/uploads\/2021\/02\/3DF13A16-9395-4CF4-98B6-C2BC5BA35A39.jpeg 951w\" sizes=\"auto, (max-width: 676px) 100vw, 676px\" \/><\/figure>\n<div style=\"margin-top: 0px; margin-bottom: 0px;\" class=\"sharethis-inline-share-buttons\" ><\/div>","protected":false},"excerpt":{"rendered":"<p>A Secretaria de Assist\u00eancia Social de Salo\u00e1 informa que j\u00e1 est\u00e3o abertas as inscri\u00e7\u00f5es para participar da Orquestra Meninos de Salo\u00e1. Para participar \u00e9 bem simples. \u00c9 s\u00f3 procurar o Centro de Conviv\u00eancia de Idosos-CCI com a presen\u00e7a de um respons\u00e1vel e levar RG, CPF, NIS, ser benefici\u00e1rio do Bolsa Fam\u00edlia e levar um comprovante [&hellip;]<\/p>\n","protected":false},"author":1,"featured_media":13259,"comment_status":"closed","ping_status":"closed","sticky":false,"template":"","format":"standard","meta":{"footnotes":""},"categories":[2],"tags":[22],"class_list":["post-13257","post","type-post","status-publish","format-standard","has-post-thumbnail","hentry","category-noticias-do-dia","tag-destaques"],"_links":{"self":[{"href":"https:\/\/www.saloanoticias.com\/v1\/wp-json\/wp\/v2\/posts\/13257","targetHints":{"allow":["GET"]}}],"collection":[{"href":"https:\/\/www.saloanoticias.com\/v1\/wp-json\/wp\/v2\/posts"}],"about":[{"href":"https:\/\/www.saloanoticias.com\/v1\/wp-json\/wp\/v2\/types\/post"}],"author":[{"embeddable":true,"href":"https:\/\/www.saloanoticias.com\/v1\/wp-json\/wp\/v2\/users\/1"}],"replies":[{"embeddable":true,"href":"https:\/\/www.saloanoticias.com\/v1\/wp-json\/wp\/v2\/comments?post=13257"}],"version-history":[{"count":5,"href":"https:\/\/www.saloanoticias.com\/v1\/wp-json\/wp\/v2\/posts\/13257\/revisions"}],"predecessor-version":[{"id":13268,"href":"https:\/\/www.saloanoticias.com\/v1\/wp-json\/wp\/v2\/posts\/13257\/revisions\/13268"}],"wp:featuredmedia":[{"embeddable":true,"href":"https:\/\/www.saloanoticias.com\/v1\/wp-json\/wp\/v2\/media\/13259"}],"wp:attachment":[{"href":"https:\/\/www.saloanoticias.com\/v1\/wp-json\/wp\/v2\/media?parent=13257"}],"wp:term":[{"taxonomy":"category","embeddable":true,"href":"https:\/\/www.saloanoticias.com\/v1\/wp-json\/wp\/v2\/categories?post=13257"},{"taxonomy":"post_tag","embeddable":true,"href":"https:\/\/www.saloanoticias.com\/v1\/wp-json\/wp\/v2\/tags?post=13257"}],"curies":[{"name":"wp","href":"https:\/\/api.w.org\/{rel}","templated":true}]}}