{"id":13254,"date":"2021-02-03T23:45:11","date_gmt":"2021-02-04T02:45:11","guid":{"rendered":"https:\/\/www.saloanoticias.com\/v1\/?p=13254"},"modified":"2021-02-03T23:45:13","modified_gmt":"2021-02-04T02:45:13","slug":"pernambuco-anuncia-inicio-do-ano-letivo-e-retomada-gradual-das-aulas-presenciais","status":"publish","type":"post","link":"https:\/\/www.saloanoticias.com\/v1\/pernambuco-anuncia-inicio-do-ano-letivo-e-retomada-gradual-das-aulas-presenciais\/","title":{"rendered":"PERNAMBUCO ANUNCIA IN\u00cdCIO DO ANO LETIVO E RETOMADA GRADUAL DAS AULAS PRESENCIAIS"},"content":{"rendered":"\n<p>O governador Paulo C\u00e2mara anunciou, nesta quarta-feira (03.02), o in\u00edcio do ano letivo do ensino m\u00e9dio na rede p\u00fablica estadual a partir desta quinta-feira (04.02). Segundo ele, as escolas estaduais est\u00e3o preparadas para receber professores e alunos, adotando todos os protocolos de seguran\u00e7a e higiene, mas o Estado tamb\u00e9m vai continuar oferecendo a op\u00e7\u00e3o das aulas remotas \u00e0s fam\u00edlias que preferirem n\u00e3o enviar seus filhos para o ensino presencial. O Governo do Estado tamb\u00e9m est\u00e1 liberando as prefeituras para retomarem as aulas presenciais da rede municipal de maneira gradual e cumprindo todos os protocolos, a partir do dia 22 de fevereiro, estendendo-se semana a semana at\u00e9 o dia 15 de mar\u00e7o, com a volta da educa\u00e7\u00e3o infantil.<\/p>\n\n\n\n<p>\u201cO retorno gradual, feito no ano passado, mostrou que quando s\u00e3o observadas as regras de distanciamento, higiene e uso de m\u00e1scara, \u00e9 poss\u00edvel retomar as atividades sem colocar em risco a sa\u00fade das pessoas\u201d, disse Paulo C\u00e2mara. \u201cSabemos bem a import\u00e2ncia da volta \u00e0s aulas presenciais para as fam\u00edlias. Tamb\u00e9m estamos conscientes de que manter crian\u00e7as e adolescentes fora das escolas penalizou, sobretudo, as m\u00e3es e os pr\u00f3prios estudantes num cen\u00e1rio de isolamento social\u201d, acrescentou.<\/p>\n\n\n\n<p>O cronograma de retomada foi tra\u00e7ado de acordo com os protocolos validados pelo Comit\u00ea Estadual de Enfrentamento \u00e0 Covid-19 e foi dividido em quatro etapas, com in\u00edcio a partir do dia 22 de fevereiro, quando professores do Ensino Fundamental e servidores devem retornar para adequa\u00e7\u00e3o das escolas e capacita\u00e7\u00e3o. Em seguida, os estudantes do nono, oitavo, s\u00e9timo e sexto ano do Ensino Fundamental retornam no dia 1\u00ba de mar\u00e7o. O calend\u00e1rio seguir\u00e1 com os estudantes do quinto, quarto, terceiro, segundo e primeiro ano do Ensino Fundamental voltando no dia 08 de mar\u00e7o. Por fim, haver\u00e1 a volta dos alunos do Infantil, cujo retorno est\u00e1 previsto para o dia 15 de mar\u00e7o.<\/p>\n\n\n\n<p>\u201cO retorno da rotina escolar, assim como todas as atividades liberadas dentro do nosso plano de conviv\u00eancia com a Covid-19, deve ser encarado como uma conquista, que s\u00f3 ser\u00e1 mantida se cada um de n\u00f3s nos comprometermos com as condutas que v\u00e3o evitar uma nova acelera\u00e7\u00e3o da doen\u00e7a\u201d, refor\u00e7ou Paulo C\u00e2mara.<\/p>\n\n\n\n<p>O secret\u00e1rio de Educa\u00e7\u00e3o e Esportes, Marcelo Barros, destacou que a decis\u00e3o de voltar \u00e0s aulas presenciais, no modelo h\u00edbrido, foi pautada na import\u00e2ncia que a educa\u00e7\u00e3o tem n\u00e3o apenas na vida das crian\u00e7as e jovens, mas no desenvolvimento do Estado como um todo. \u201cO ano de 2020 foi desafiador, mas conseguimos venc\u00ea-lo com planejamento, paci\u00eancia, criatividade e confian\u00e7a nos protocolos estabelecidos. A pandemia ainda n\u00e3o acabou. Precisamos agora seguir com projetos e protocolos definidos e sendo tra\u00e7ados para nos acostumarmos com esse novo momento&#8221;, disse.<\/p>\n\n\n\n<p>O gestor da pasta destacou, ainda, que o Governo de Pernambuco seguir\u00e1 oferecendo o programa \u201cConecta A\u00ed\u201d, lan\u00e7ado no ano passado e que patrocina dados de internet dos estudantes da rede p\u00fablica estadual para que eles possam acessar gratuitamente o material disponibilizado na Plataforma Educa-PE, no Ambiente Virtual de Aprendizagem (AVA) e no Google Classroom. Ao acessar essas plataformas, os estudantes n\u00e3o gastam dados dos celulares.<\/p>\n\n\n\n<p><strong>PROTOCOLO DE SEGURAN\u00c7A&nbsp;<\/strong>&#8211; Para que as atividades presenciais sejam retomadas de forma segura e respons\u00e1vel durante a pandemia da Covid-19, a Secretaria de Educa\u00e7\u00e3o e Esportes de Pernambuco elaborou um caderno de protocolo com regras que garantem o distanciamento social, al\u00e9m de assegurar mecanismos de prote\u00e7\u00e3o, monitoramento e comunica\u00e7\u00e3o da doen\u00e7a. O documento est\u00e1 dispon\u00edvel no site da Secretaria (<a href=\"http:\/\/www.educacao.pe.gov.br\/\" target=\"_blank\" rel=\"noreferrer noopener\">www.educacao.pe.gov.br<\/a>).<\/p>\n\n\n\n<p>\u00c9 importante destacar que todas as escolas est\u00e3o preparadas para receber os estudantes, professores e demais profissionais, seguindo um rigoroso protocolo de seguran\u00e7a estabelecido pela Secretaria Estadual de Sa\u00fade para evitar a contamina\u00e7\u00e3o do novo coronav\u00edrus. As unidades de ensino ir\u00e3o, por exemplo, aferir a temperatura corporal dos estudantes, disponibilizar totens de \u00e1lcool em gel pelos corredores, pias para higieniza\u00e7\u00e3o das m\u00e3os, dispenser de \u00e1lcool em gel em cada entrada de sala de aula, m\u00e1scaras e faceshields para professores e demais profissionais, tapetes sanitizantes e cartazes de orienta\u00e7\u00e3o.&nbsp;&nbsp;<\/p>\n\n\n\n<p><strong>Cronograma de retomada Ensino Fundamental e Infantil, escolas municipais<\/strong><\/p>\n\n\n\n<p>Retorno de servidores e professores para adequa\u00e7\u00e3o das escolas e capacita\u00e7\u00e3o: 22\/02\/2021<\/p>\n\n\n\n<p>Retorno dos estudantes do 9\u00ba, 8\u00ba, 7\u00ba e 6\u00ba ano do Ensino Fundamental: 01\/03\/2021<\/p>\n\n\n\n<p>Retorno dos estudantes do 5\u00ba, 4\u00ba, 3\u00ba, 2\u00ba e 1\u00ba ano do Ensino Fundamental: 08\/03\/2021<\/p>\n\n\n\n<p>Retorno do Ensino Infantil: 15\/03\/2021<\/p>\n\n\n\n<p><em>Link com o pronunciamento do governador<\/em>:&nbsp;<a href=\"https:\/\/we.tl\/t-tpyf60yKv1\" target=\"_blank\" rel=\"noreferrer noopener\">https:\/\/we.tl\/t-tpyf60yKv1<\/a><\/p>\n<div style=\"margin-top: 0px; margin-bottom: 0px;\" class=\"sharethis-inline-share-buttons\" ><\/div>","protected":false},"excerpt":{"rendered":"<p>O governador Paulo C\u00e2mara anunciou, nesta quarta-feira (03.02), o in\u00edcio do ano letivo do ensino m\u00e9dio na rede p\u00fablica estadual a partir desta quinta-feira (04.02). Segundo ele, as escolas estaduais est\u00e3o preparadas para receber professores e alunos, adotando todos os protocolos de seguran\u00e7a e higiene, mas o Estado tamb\u00e9m vai continuar oferecendo a op\u00e7\u00e3o das [&hellip;]<\/p>\n","protected":false},"author":1,"featured_media":13255,"comment_status":"closed","ping_status":"closed","sticky":false,"template":"","format":"standard","meta":{"footnotes":""},"categories":[2],"tags":[22],"class_list":["post-13254","post","type-post","status-publish","format-standard","has-post-thumbnail","hentry","category-noticias-do-dia","tag-destaques"],"_links":{"self":[{"href":"https:\/\/www.saloanoticias.com\/v1\/wp-json\/wp\/v2\/posts\/13254","targetHints":{"allow":["GET"]}}],"collection":[{"href":"https:\/\/www.saloanoticias.com\/v1\/wp-json\/wp\/v2\/posts"}],"about":[{"href":"https:\/\/www.saloanoticias.com\/v1\/wp-json\/wp\/v2\/types\/post"}],"author":[{"embeddable":true,"href":"https:\/\/www.saloanoticias.com\/v1\/wp-json\/wp\/v2\/users\/1"}],"replies":[{"embeddable":true,"href":"https:\/\/www.saloanoticias.com\/v1\/wp-json\/wp\/v2\/comments?post=13254"}],"version-history":[{"count":1,"href":"https:\/\/www.saloanoticias.com\/v1\/wp-json\/wp\/v2\/posts\/13254\/revisions"}],"predecessor-version":[{"id":13256,"href":"https:\/\/www.saloanoticias.com\/v1\/wp-json\/wp\/v2\/posts\/13254\/revisions\/13256"}],"wp:featuredmedia":[{"embeddable":true,"href":"https:\/\/www.saloanoticias.com\/v1\/wp-json\/wp\/v2\/media\/13255"}],"wp:attachment":[{"href":"https:\/\/www.saloanoticias.com\/v1\/wp-json\/wp\/v2\/media?parent=13254"}],"wp:term":[{"taxonomy":"category","embeddable":true,"href":"https:\/\/www.saloanoticias.com\/v1\/wp-json\/wp\/v2\/categories?post=13254"},{"taxonomy":"post_tag","embeddable":true,"href":"https:\/\/www.saloanoticias.com\/v1\/wp-json\/wp\/v2\/tags?post=13254"}],"curies":[{"name":"wp","href":"https:\/\/api.w.org\/{rel}","templated":true}]}}