{"id":13226,"date":"2021-02-01T16:25:42","date_gmt":"2021-02-01T19:25:42","guid":{"rendered":"https:\/\/www.saloanoticias.com\/v1\/?p=13226"},"modified":"2021-02-01T19:39:48","modified_gmt":"2021-02-01T22:39:48","slug":"claudiano-filho-e-empossado-como-novo-secretario-de-agricultura-de-pernambuco","status":"publish","type":"post","link":"https:\/\/www.saloanoticias.com\/v1\/claudiano-filho-e-empossado-como-novo-secretario-de-agricultura-de-pernambuco\/","title":{"rendered":"CLAUDIANO FILHO \u00c9 EMPOSSADO COMO NOVO SECRET\u00c1RIO DE AGRICULTURA DE PERNAMBUCO"},"content":{"rendered":"\n<p>O governador Paulo C\u00e2mara empossou, nesta segunda-feira (01.02), em cerim\u00f4nia no Pal\u00e1cio do Campo das Princesas, o novo secret\u00e1rio de Desenvolvimento Agr\u00e1rio, Claudiano Martins Filho. Ele exerce atualmente o terceiro mandato consecutivo como deputado estadual, cargo do qual pediu licen\u00e7a para assumir a pasta, em substitui\u00e7\u00e3o ao ex-secret\u00e1rio Dilson Peixoto.<\/p>\n\n\n\n<p>\u201cNosso Estado tem uma voca\u00e7\u00e3o hist\u00f3rica para a agricultura e a agropecu\u00e1ria. \u00c9 um setor importante, que movimenta a economia em todas as regi\u00f5es. Temos certeza que Claudiano Martins Filho vai fazer um grande trabalho \u00e0 frente da secretaria, trazendo investimentos e apoiando todos os setores da agropecu\u00e1ria pernambucana\u201d, afirmou Paulo C\u00e2mara.<\/p>\n\n\n\n<p>Natural de \u00c1guas Belas, no Agreste de Pernambuco, Claudiano tem 32 anos. Durante sua atividade parlamentar, presidiu a Comiss\u00e3o de Agricultura, Pecu\u00e1ria e Pol\u00edtica Rural da Assembleia Legislativa de Pernambuco (Alepe). Ele tamb\u00e9m participou ativamente das comiss\u00f5es de Neg\u00f3cios Municipais, Esporte e Lazer, \u00c9tica Parlamentar e Reda\u00e7\u00e3o Final. Por dois bi\u00eanios, fez parte da Mesa Diretora da Alepe, como 2\u00ba Secret\u00e1rio. Tamb\u00e9m exerceu a fun\u00e7\u00e3o de vice-presidente da Sociedade Nordestina dos Criadores.<\/p>\n\n\n\n<p>\u201cMinhas pautas sempre foram em defesa do produtor e da nossa agricultura. Agora estou tendo o privil\u00e9gio e a honra de assumir essa nova miss\u00e3o. O desafio \u00e9 grande, mas seguirei trabalhando para o fortalecimento desse setor no Estado\u201d, declarou o novo secret\u00e1rio.<\/p>\n\n\n\n<p>Estiveram presentes \u00e0 solenidade de posse os secret\u00e1rios estaduais Alexandre Rebelo (Planejamento e Gest\u00e3o), Pedro Eurico (Justi\u00e7a e Direitos Humanos) e Jos\u00e9 Neto (Casa Civil), al\u00e9m do presidente da Assembleia Legislativa de Pernambuco, Eriberto Medeiros.<\/p>\n<div style=\"margin-top: 0px; margin-bottom: 0px;\" class=\"sharethis-inline-share-buttons\" ><\/div>","protected":false},"excerpt":{"rendered":"<p>O governador Paulo C\u00e2mara empossou, nesta segunda-feira (01.02), em cerim\u00f4nia no Pal\u00e1cio do Campo das Princesas, o novo secret\u00e1rio de Desenvolvimento Agr\u00e1rio, Claudiano Martins Filho. Ele exerce atualmente o terceiro mandato consecutivo como deputado estadual, cargo do qual pediu licen\u00e7a para assumir a pasta, em substitui\u00e7\u00e3o ao ex-secret\u00e1rio Dilson Peixoto. \u201cNosso Estado tem uma voca\u00e7\u00e3o [&hellip;]<\/p>\n","protected":false},"author":1,"featured_media":13229,"comment_status":"closed","ping_status":"closed","sticky":false,"template":"","format":"standard","meta":{"footnotes":""},"categories":[2],"tags":[22],"class_list":["post-13226","post","type-post","status-publish","format-standard","has-post-thumbnail","hentry","category-noticias-do-dia","tag-destaques"],"_links":{"self":[{"href":"https:\/\/www.saloanoticias.com\/v1\/wp-json\/wp\/v2\/posts\/13226","targetHints":{"allow":["GET"]}}],"collection":[{"href":"https:\/\/www.saloanoticias.com\/v1\/wp-json\/wp\/v2\/posts"}],"about":[{"href":"https:\/\/www.saloanoticias.com\/v1\/wp-json\/wp\/v2\/types\/post"}],"author":[{"embeddable":true,"href":"https:\/\/www.saloanoticias.com\/v1\/wp-json\/wp\/v2\/users\/1"}],"replies":[{"embeddable":true,"href":"https:\/\/www.saloanoticias.com\/v1\/wp-json\/wp\/v2\/comments?post=13226"}],"version-history":[{"count":1,"href":"https:\/\/www.saloanoticias.com\/v1\/wp-json\/wp\/v2\/posts\/13226\/revisions"}],"predecessor-version":[{"id":13228,"href":"https:\/\/www.saloanoticias.com\/v1\/wp-json\/wp\/v2\/posts\/13226\/revisions\/13228"}],"wp:featuredmedia":[{"embeddable":true,"href":"https:\/\/www.saloanoticias.com\/v1\/wp-json\/wp\/v2\/media\/13229"}],"wp:attachment":[{"href":"https:\/\/www.saloanoticias.com\/v1\/wp-json\/wp\/v2\/media?parent=13226"}],"wp:term":[{"taxonomy":"category","embeddable":true,"href":"https:\/\/www.saloanoticias.com\/v1\/wp-json\/wp\/v2\/categories?post=13226"},{"taxonomy":"post_tag","embeddable":true,"href":"https:\/\/www.saloanoticias.com\/v1\/wp-json\/wp\/v2\/tags?post=13226"}],"curies":[{"name":"wp","href":"https:\/\/api.w.org\/{rel}","templated":true}]}}