{"id":13162,"date":"2021-01-20T15:37:51","date_gmt":"2021-01-20T18:37:51","guid":{"rendered":"https:\/\/www.saloanoticias.com\/v1\/?p=13162"},"modified":"2021-01-20T15:37:59","modified_gmt":"2021-01-20T18:37:59","slug":"joe-biden-toma-posse-como-o-46o-presidente-dos-estados-unidos","status":"publish","type":"post","link":"https:\/\/www.saloanoticias.com\/v1\/joe-biden-toma-posse-como-o-46o-presidente-dos-estados-unidos\/","title":{"rendered":"JOE BIDEN TOMA POSSE COMO O 46\u00ba PRESIDENTE DOS ESTADOS UNIDOS"},"content":{"rendered":"\n<p>&#8216;A democracia prevaleceu&#8217;, afirmou Joe Biden ap\u00f3s tomar posse como novo presidente dos Estados Unidos. Em uma cerim\u00f4nia com seguran\u00e7a refor\u00e7ada por causa da invas\u00e3o do Capit\u00f3lio no in\u00edcio do m\u00eas, Biden prestou juramento e fez um discurso emocionado. &#8220;Aprendemos novamente que a democracia \u00e9 preciosa. A democracia \u00e9 fr\u00e1gil e nesse momento, meus amigos, a democracia prevaleceu&#8221;, disse ele.<\/p>\n\n\n\n<p>&#8220;Agora, neste solo sagrado, onde apenas h\u00e1 alguns dias a viol\u00eancia tentou chacoalhar as funda\u00e7\u00f5es do Capit\u00f3lio, nos unimos como uma \u00fanica na\u00e7\u00e3o, sob Deus, indivis\u00edvel, para fazer uma transi\u00e7\u00e3o pac\u00edfica de poder como temos feito h\u00e1 mais de dois s\u00e9culos&#8221;, afirmou. Biden fez seu discurso no mesmo local que h\u00e1 duas semanas foi invadido por militantes extremistas pr\u00f3-Donald Trump, que se recusavam a aceitar o resultado da elei\u00e7\u00e3o.<\/p>\n\n\n\n<p>O novo presidente agradeceu aos seus predecessores de ambos os partidos que compareceram \u00e0 cerim\u00f4nia. Os ex-presidente Bill Clinton, George Bush e Barack Obama participam da cerim\u00f4nia. Trump n\u00e3o compareceu. Biden citou minorias e ressaltou a luta de movimentos pelos direitos dos negros e das mulheres. Tamb\u00e9m fez um discurso sobre uni\u00e3o, dizendo que vai governar tanto para os que o apoiaram quanto para os que n\u00e3o o apoiaram. &#8220;Vou ser o presidente de todos os americanos&#8221;.<\/p>\n\n\n\n<p>O americano lamentou as mortes por covid-19 e disse que seu governo vai enfrentar desafios como a pandemia e a prolifera\u00e7\u00e3o de supremacistas brancos e &#8220;terroristas dom\u00e9sticos&#8221;. &#8220;As for\u00e7as que nos dividem s\u00e3o profundas e reais \u2014 mas n\u00e3o s\u00e3o novas&#8221;, disse. &#8220;A batalha \u00e9 cont\u00ednua e nunca podemos achar que a vit\u00f3ria est\u00e1 garantida. Mas nossos melhores anjos sempre prevaleceram.&#8221; Fonte: MSN.com<\/p>\n<div style=\"margin-top: 0px; margin-bottom: 0px;\" class=\"sharethis-inline-share-buttons\" ><\/div>","protected":false},"excerpt":{"rendered":"<p>&#8216;A democracia prevaleceu&#8217;, afirmou Joe Biden ap\u00f3s tomar posse como novo presidente dos Estados Unidos. Em uma cerim\u00f4nia com seguran\u00e7a refor\u00e7ada por causa da invas\u00e3o do Capit\u00f3lio no in\u00edcio do m\u00eas, Biden prestou juramento e fez um discurso emocionado. &#8220;Aprendemos novamente que a democracia \u00e9 preciosa. A democracia \u00e9 fr\u00e1gil e nesse momento, meus amigos, [&hellip;]<\/p>\n","protected":false},"author":1,"featured_media":13163,"comment_status":"closed","ping_status":"closed","sticky":false,"template":"","format":"standard","meta":{"footnotes":""},"categories":[2],"tags":[22],"class_list":["post-13162","post","type-post","status-publish","format-standard","has-post-thumbnail","hentry","category-noticias-do-dia","tag-destaques"],"_links":{"self":[{"href":"https:\/\/www.saloanoticias.com\/v1\/wp-json\/wp\/v2\/posts\/13162","targetHints":{"allow":["GET"]}}],"collection":[{"href":"https:\/\/www.saloanoticias.com\/v1\/wp-json\/wp\/v2\/posts"}],"about":[{"href":"https:\/\/www.saloanoticias.com\/v1\/wp-json\/wp\/v2\/types\/post"}],"author":[{"embeddable":true,"href":"https:\/\/www.saloanoticias.com\/v1\/wp-json\/wp\/v2\/users\/1"}],"replies":[{"embeddable":true,"href":"https:\/\/www.saloanoticias.com\/v1\/wp-json\/wp\/v2\/comments?post=13162"}],"version-history":[{"count":1,"href":"https:\/\/www.saloanoticias.com\/v1\/wp-json\/wp\/v2\/posts\/13162\/revisions"}],"predecessor-version":[{"id":13164,"href":"https:\/\/www.saloanoticias.com\/v1\/wp-json\/wp\/v2\/posts\/13162\/revisions\/13164"}],"wp:featuredmedia":[{"embeddable":true,"href":"https:\/\/www.saloanoticias.com\/v1\/wp-json\/wp\/v2\/media\/13163"}],"wp:attachment":[{"href":"https:\/\/www.saloanoticias.com\/v1\/wp-json\/wp\/v2\/media?parent=13162"}],"wp:term":[{"taxonomy":"category","embeddable":true,"href":"https:\/\/www.saloanoticias.com\/v1\/wp-json\/wp\/v2\/categories?post=13162"},{"taxonomy":"post_tag","embeddable":true,"href":"https:\/\/www.saloanoticias.com\/v1\/wp-json\/wp\/v2\/tags?post=13162"}],"curies":[{"name":"wp","href":"https:\/\/api.w.org\/{rel}","templated":true}]}}