{"id":13070,"date":"2021-01-05T07:33:00","date_gmt":"2021-01-05T10:33:00","guid":{"rendered":"https:\/\/www.saloanoticias.com\/v1\/?p=13070"},"modified":"2021-01-05T07:33:05","modified_gmt":"2021-01-05T10:33:05","slug":"aniversariante-do-dia-dr-manoel-ricardo-2","status":"publish","type":"post","link":"https:\/\/www.saloanoticias.com\/v1\/aniversariante-do-dia-dr-manoel-ricardo-2\/","title":{"rendered":"ANIVERSARIANTE DO DIA: DR. MANOEL RICARDO"},"content":{"rendered":"\n<p>O dia de hoje \u00e9 muito especial para o ex-deputado estadual, Manoel Alves de Souza, mais conhecido em todo o Estado de Pernambuco como Manoel Ricardo. Ele foi o \u00fanico filho de Salo\u00e1 at\u00e9 o momento a ocupar uma cadeira na ALEPE (Assembleia Legislativa de Pernambuco). Dr. Manoel Ricardo \u00e9 pol\u00edtico desde crian\u00e7a e ainda muito jovem foi eleito vereador, sendo o mais votado na sua primeira elei\u00e7\u00e3o, chegando inclusive a ser Presidente da C\u00e2mara dos Vereadores, ocasi\u00e3o em que j\u00e1 demonstrava grande desenvoltura pol\u00edtica.<\/p>\n\n\n\n<p>Depois que terminou seu mandato de vereador em Salo\u00e1\/PE, ainda muito novo exerceu o cargo de deputado, e foi l\u00e1 onde passou a ter muita influ\u00eancia e contato com a c\u00fapula da pol\u00edtica estadual, adquirindo tamb\u00e9m muita experi\u00eancia e desde aquele tempo j\u00e1 trazia benef\u00edcios para o seu munic\u00edpio. Foi um dos grandes articuladores do grupo que elegeu seu filho Ricardo Alves ao cargo de prefeito de Salo\u00e1 em 2012, reeleito em 2016 e tamb\u00e9m do seu sobrinho J\u00fanior de Rivaldo em 2020. Ele ainda ocupou o importante cargo de superitendente da SUDENE por v\u00e1rios anos, foi aliado do ex-governador Miguel Arraes e de outros grandes nomes da pol\u00edtica nacional. Desejamos muitas felicidades, paz e sa\u00fade a este baloarte da nossa cidade, que esta data se repita por muitos e muitos anos.<\/p>\n<div style=\"margin-top: 0px; margin-bottom: 0px;\" class=\"sharethis-inline-share-buttons\" ><\/div>","protected":false},"excerpt":{"rendered":"<p>O dia de hoje \u00e9 muito especial para o ex-deputado estadual, Manoel Alves de Souza, mais conhecido em todo o Estado de Pernambuco como Manoel Ricardo. Ele foi o \u00fanico filho de Salo\u00e1 at\u00e9 o momento a ocupar uma cadeira na ALEPE (Assembleia Legislativa de Pernambuco). Dr. Manoel Ricardo \u00e9 pol\u00edtico desde crian\u00e7a e ainda [&hellip;]<\/p>\n","protected":false},"author":1,"featured_media":13071,"comment_status":"closed","ping_status":"closed","sticky":false,"template":"","format":"standard","meta":{"footnotes":""},"categories":[2],"tags":[22],"class_list":["post-13070","post","type-post","status-publish","format-standard","has-post-thumbnail","hentry","category-noticias-do-dia","tag-destaques"],"_links":{"self":[{"href":"https:\/\/www.saloanoticias.com\/v1\/wp-json\/wp\/v2\/posts\/13070","targetHints":{"allow":["GET"]}}],"collection":[{"href":"https:\/\/www.saloanoticias.com\/v1\/wp-json\/wp\/v2\/posts"}],"about":[{"href":"https:\/\/www.saloanoticias.com\/v1\/wp-json\/wp\/v2\/types\/post"}],"author":[{"embeddable":true,"href":"https:\/\/www.saloanoticias.com\/v1\/wp-json\/wp\/v2\/users\/1"}],"replies":[{"embeddable":true,"href":"https:\/\/www.saloanoticias.com\/v1\/wp-json\/wp\/v2\/comments?post=13070"}],"version-history":[{"count":1,"href":"https:\/\/www.saloanoticias.com\/v1\/wp-json\/wp\/v2\/posts\/13070\/revisions"}],"predecessor-version":[{"id":13072,"href":"https:\/\/www.saloanoticias.com\/v1\/wp-json\/wp\/v2\/posts\/13070\/revisions\/13072"}],"wp:featuredmedia":[{"embeddable":true,"href":"https:\/\/www.saloanoticias.com\/v1\/wp-json\/wp\/v2\/media\/13071"}],"wp:attachment":[{"href":"https:\/\/www.saloanoticias.com\/v1\/wp-json\/wp\/v2\/media?parent=13070"}],"wp:term":[{"taxonomy":"category","embeddable":true,"href":"https:\/\/www.saloanoticias.com\/v1\/wp-json\/wp\/v2\/categories?post=13070"},{"taxonomy":"post_tag","embeddable":true,"href":"https:\/\/www.saloanoticias.com\/v1\/wp-json\/wp\/v2\/tags?post=13070"}],"curies":[{"name":"wp","href":"https:\/\/api.w.org\/{rel}","templated":true}]}}