{"id":13032,"date":"2021-01-02T08:51:44","date_gmt":"2021-01-02T11:51:44","guid":{"rendered":"https:\/\/www.saloanoticias.com\/v1\/?p=13032"},"modified":"2021-01-02T10:42:21","modified_gmt":"2021-01-02T13:42:21","slug":"faleceu-antonio-de-cilo-um-dos-mais-antigos-comerciantes-de-saloa","status":"publish","type":"post","link":"https:\/\/www.saloanoticias.com\/v1\/faleceu-antonio-de-cilo-um-dos-mais-antigos-comerciantes-de-saloa\/","title":{"rendered":"FALECEU ANT\u00d4NIO DE CIL\u00d4, UM DOS COMERCIANTES MAIS ANTIGOS DE SALO\u00c1"},"content":{"rendered":"\n<p>Faleceu na manh\u00e3 desta sexta-feira, dia 01 de janeiro de 2021, o Sr. Ant\u00f4nio de Cil\u00f4, 70 anos, um dos comerciantes mais antigos da cidade de Salo\u00e1\/PE. Ele vinha se tratando de v\u00e1rios problemas de sa\u00fade, estando nos \u00faltimos dias internado em um hospital da cidade de Garanhuns, mas, n\u00e3o resistiu e veio a \u00f3bito. Pelas informa\u00e7\u00f5es divulgadas pelos familiares, o vel\u00f3rio est\u00e1 acontecendo na resid\u00eancia da fam\u00edlia que fica na Avenida Get\u00falio Vargas, no centro, e o sepultamento acontece \u00e0s 10h da manh\u00e3 deste s\u00e1bado.<\/p>\n<div style=\"margin-top: 0px; margin-bottom: 0px;\" class=\"sharethis-inline-share-buttons\" ><\/div>","protected":false},"excerpt":{"rendered":"<p>Faleceu na manh\u00e3 desta sexta-feira, dia 01 de janeiro de 2021, o Sr. Ant\u00f4nio de Cil\u00f4, 70 anos, um dos comerciantes mais antigos da cidade de Salo\u00e1\/PE. Ele vinha se tratando de v\u00e1rios problemas de sa\u00fade, estando nos \u00faltimos dias internado em um hospital da cidade de Garanhuns, mas, n\u00e3o resistiu e veio a \u00f3bito. [&hellip;]<\/p>\n","protected":false},"author":1,"featured_media":13037,"comment_status":"closed","ping_status":"closed","sticky":false,"template":"","format":"standard","meta":{"footnotes":""},"categories":[2],"tags":[22],"class_list":["post-13032","post","type-post","status-publish","format-standard","has-post-thumbnail","hentry","category-noticias-do-dia","tag-destaques"],"_links":{"self":[{"href":"https:\/\/www.saloanoticias.com\/v1\/wp-json\/wp\/v2\/posts\/13032","targetHints":{"allow":["GET"]}}],"collection":[{"href":"https:\/\/www.saloanoticias.com\/v1\/wp-json\/wp\/v2\/posts"}],"about":[{"href":"https:\/\/www.saloanoticias.com\/v1\/wp-json\/wp\/v2\/types\/post"}],"author":[{"embeddable":true,"href":"https:\/\/www.saloanoticias.com\/v1\/wp-json\/wp\/v2\/users\/1"}],"replies":[{"embeddable":true,"href":"https:\/\/www.saloanoticias.com\/v1\/wp-json\/wp\/v2\/comments?post=13032"}],"version-history":[{"count":3,"href":"https:\/\/www.saloanoticias.com\/v1\/wp-json\/wp\/v2\/posts\/13032\/revisions"}],"predecessor-version":[{"id":13038,"href":"https:\/\/www.saloanoticias.com\/v1\/wp-json\/wp\/v2\/posts\/13032\/revisions\/13038"}],"wp:featuredmedia":[{"embeddable":true,"href":"https:\/\/www.saloanoticias.com\/v1\/wp-json\/wp\/v2\/media\/13037"}],"wp:attachment":[{"href":"https:\/\/www.saloanoticias.com\/v1\/wp-json\/wp\/v2\/media?parent=13032"}],"wp:term":[{"taxonomy":"category","embeddable":true,"href":"https:\/\/www.saloanoticias.com\/v1\/wp-json\/wp\/v2\/categories?post=13032"},{"taxonomy":"post_tag","embeddable":true,"href":"https:\/\/www.saloanoticias.com\/v1\/wp-json\/wp\/v2\/tags?post=13032"}],"curies":[{"name":"wp","href":"https:\/\/api.w.org\/{rel}","templated":true}]}}