{"id":13026,"date":"2021-01-02T00:33:40","date_gmt":"2021-01-02T03:33:40","guid":{"rendered":"https:\/\/www.saloanoticias.com\/v1\/?p=13026"},"modified":"2021-01-02T00:43:12","modified_gmt":"2021-01-02T03:43:12","slug":"beto-do-catimbau-foi-eleito-novo-presidente-da-camara-de-vereadores","status":"publish","type":"post","link":"https:\/\/www.saloanoticias.com\/v1\/beto-do-catimbau-foi-eleito-novo-presidente-da-camara-de-vereadores\/","title":{"rendered":"BETO DO CATIMBAU \u00c9 O NOVO PRESIDENTE DA C\u00c2MARA DE VEREADORES DE SALO\u00c1"},"content":{"rendered":"\n<p>Aconteceu na tarde desta sexta-feira, dia 1\u00ba de janeiro de 2021 a posse do novo prefeito, vice-prefeito e vereadores que exercer\u00e3o mandato at\u00e9 o dia 31 de dezembro de 2024. Depois de aberta a sess\u00e3o solene, que foi presidida pelo vereador Jamel\u00e3o, o mais votado nas elei\u00e7\u00f5es do dia 15 de novembro de 2020, conforme o Regimento Interno da C\u00e2mara, houve uma pausa na sess\u00e3o para a realiza\u00e7\u00e3o da elei\u00e7\u00e3o da nova Mesa Diretora.<\/p>\n\n\n\n<p>Ap\u00f3s alguns minutos reunidos em uma sala reservada com apenas os 11 vereadores, saiu o resultado dos eleitos para o bi\u00eanio 2021\/2022. Para presidente do legislativo municipal, os parlamentares elegeram com a unanimidade dos votos, Humberto Guimar\u00e3es de Ara\u00fajo (Beto do Catimbau), para vice-presidente Tisley Vicente Silva, 1\u00ba Secret\u00e1ria Lucineide da Serrinha e para 2\u00ba Secret\u00e1rio o vereador Gilvan de Freitas Lucena, o popular Ivan do Co\u00eama, que est\u00e1 no seu 6\u00ba mandato.<\/p>\n\n\n\n<p>Humberto Guimar\u00e3es \u00e9 do MDB e est\u00e1 no seu 2\u00ba mandato como vereador e vai dirigir a casa Jos\u00e9 Soares de Melo no bi\u00eanio 21\/22. Antes da vota\u00e7\u00e3o, o novo presidente n\u00e3o tinha o nome cotado para ser eleito, mas numa reviravolta surpreendente, foi o candidato de consenso dos colegas. Beto reside no s\u00edtio Catimbau e tem a sua atua\u00e7\u00e3o na \u00e1rea da sa\u00fade.<\/p>\n<div style=\"margin-top: 0px; margin-bottom: 0px;\" class=\"sharethis-inline-share-buttons\" ><\/div>","protected":false},"excerpt":{"rendered":"<p>Aconteceu na tarde desta sexta-feira, dia 1\u00ba de janeiro de 2021 a posse do novo prefeito, vice-prefeito e vereadores que exercer\u00e3o mandato at\u00e9 o dia 31 de dezembro de 2024. Depois de aberta a sess\u00e3o solene, que foi presidida pelo vereador Jamel\u00e3o, o mais votado nas elei\u00e7\u00f5es do dia 15 de novembro de 2020, conforme [&hellip;]<\/p>\n","protected":false},"author":1,"featured_media":13027,"comment_status":"closed","ping_status":"closed","sticky":false,"template":"","format":"standard","meta":{"footnotes":""},"categories":[2,15],"tags":[22],"class_list":["post-13026","post","type-post","status-publish","format-standard","has-post-thumbnail","hentry","category-noticias-do-dia","category-politica","tag-destaques"],"_links":{"self":[{"href":"https:\/\/www.saloanoticias.com\/v1\/wp-json\/wp\/v2\/posts\/13026","targetHints":{"allow":["GET"]}}],"collection":[{"href":"https:\/\/www.saloanoticias.com\/v1\/wp-json\/wp\/v2\/posts"}],"about":[{"href":"https:\/\/www.saloanoticias.com\/v1\/wp-json\/wp\/v2\/types\/post"}],"author":[{"embeddable":true,"href":"https:\/\/www.saloanoticias.com\/v1\/wp-json\/wp\/v2\/users\/1"}],"replies":[{"embeddable":true,"href":"https:\/\/www.saloanoticias.com\/v1\/wp-json\/wp\/v2\/comments?post=13026"}],"version-history":[{"count":4,"href":"https:\/\/www.saloanoticias.com\/v1\/wp-json\/wp\/v2\/posts\/13026\/revisions"}],"predecessor-version":[{"id":13031,"href":"https:\/\/www.saloanoticias.com\/v1\/wp-json\/wp\/v2\/posts\/13026\/revisions\/13031"}],"wp:featuredmedia":[{"embeddable":true,"href":"https:\/\/www.saloanoticias.com\/v1\/wp-json\/wp\/v2\/media\/13027"}],"wp:attachment":[{"href":"https:\/\/www.saloanoticias.com\/v1\/wp-json\/wp\/v2\/media?parent=13026"}],"wp:term":[{"taxonomy":"category","embeddable":true,"href":"https:\/\/www.saloanoticias.com\/v1\/wp-json\/wp\/v2\/categories?post=13026"},{"taxonomy":"post_tag","embeddable":true,"href":"https:\/\/www.saloanoticias.com\/v1\/wp-json\/wp\/v2\/tags?post=13026"}],"curies":[{"name":"wp","href":"https:\/\/api.w.org\/{rel}","templated":true}]}}