{"id":12885,"date":"2020-12-13T21:12:57","date_gmt":"2020-12-14T00:12:57","guid":{"rendered":"https:\/\/www.saloanoticias.com\/v1\/?p=12885"},"modified":"2020-12-13T22:22:46","modified_gmt":"2020-12-14T01:22:46","slug":"faleceu-neste-domingo-13-a-sra-nazilda-de-74-anos","status":"publish","type":"post","link":"https:\/\/www.saloanoticias.com\/v1\/faleceu-neste-domingo-13-a-sra-nazilda-de-74-anos\/","title":{"rendered":"FALECEU NESTE DOMINGO (13) A Sra. NAZILDA DE 74 ANOS"},"content":{"rendered":"\n<p>Faleceu neste domingo (13\/12) a Sra. Nazilda, de 74 anos de idade. De uma fam\u00edlia grande e muito conhecida na cidade, residia na Rua que leva o nome do seu irm\u00e3o Z\u00e9 de N\u00e9. Pelas informa\u00e7\u00f5es colhidas pelo Blog, o vel\u00f3rio ser\u00e1 realizado em sua resid\u00eancia, de onde sair\u00e1 para o sepultamento no cemit\u00e9rio de Santa Quit\u00e9ria na manh\u00e3 desta segunda-feira (14), que segundo os familiares est\u00e1 previsto para acontecer \u00e0s 10 horas da manh\u00e3. Mais informa\u00e7\u00f5es sobre este caso a qualquer momento. Foto da Internet<\/p>\n<div style=\"margin-top: 0px; margin-bottom: 0px;\" class=\"sharethis-inline-share-buttons\" ><\/div>","protected":false},"excerpt":{"rendered":"<p>Faleceu neste domingo (13\/12) a Sra. Nazilda, de 74 anos de idade. De uma fam\u00edlia grande e muito conhecida na cidade, residia na Rua que leva o nome do seu irm\u00e3o Z\u00e9 de N\u00e9. Pelas informa\u00e7\u00f5es colhidas pelo Blog, o vel\u00f3rio ser\u00e1 realizado em sua resid\u00eancia, de onde sair\u00e1 para o sepultamento no cemit\u00e9rio de [&hellip;]<\/p>\n","protected":false},"author":1,"featured_media":12886,"comment_status":"closed","ping_status":"closed","sticky":false,"template":"","format":"standard","meta":{"footnotes":""},"categories":[2],"tags":[22],"class_list":["post-12885","post","type-post","status-publish","format-standard","has-post-thumbnail","hentry","category-noticias-do-dia","tag-destaques"],"_links":{"self":[{"href":"https:\/\/www.saloanoticias.com\/v1\/wp-json\/wp\/v2\/posts\/12885","targetHints":{"allow":["GET"]}}],"collection":[{"href":"https:\/\/www.saloanoticias.com\/v1\/wp-json\/wp\/v2\/posts"}],"about":[{"href":"https:\/\/www.saloanoticias.com\/v1\/wp-json\/wp\/v2\/types\/post"}],"author":[{"embeddable":true,"href":"https:\/\/www.saloanoticias.com\/v1\/wp-json\/wp\/v2\/users\/1"}],"replies":[{"embeddable":true,"href":"https:\/\/www.saloanoticias.com\/v1\/wp-json\/wp\/v2\/comments?post=12885"}],"version-history":[{"count":4,"href":"https:\/\/www.saloanoticias.com\/v1\/wp-json\/wp\/v2\/posts\/12885\/revisions"}],"predecessor-version":[{"id":12890,"href":"https:\/\/www.saloanoticias.com\/v1\/wp-json\/wp\/v2\/posts\/12885\/revisions\/12890"}],"wp:featuredmedia":[{"embeddable":true,"href":"https:\/\/www.saloanoticias.com\/v1\/wp-json\/wp\/v2\/media\/12886"}],"wp:attachment":[{"href":"https:\/\/www.saloanoticias.com\/v1\/wp-json\/wp\/v2\/media?parent=12885"}],"wp:term":[{"taxonomy":"category","embeddable":true,"href":"https:\/\/www.saloanoticias.com\/v1\/wp-json\/wp\/v2\/categories?post=12885"},{"taxonomy":"post_tag","embeddable":true,"href":"https:\/\/www.saloanoticias.com\/v1\/wp-json\/wp\/v2\/tags?post=12885"}],"curies":[{"name":"wp","href":"https:\/\/api.w.org\/{rel}","templated":true}]}}