{"id":12851,"date":"2020-12-10T10:09:36","date_gmt":"2020-12-10T13:09:36","guid":{"rendered":"https:\/\/www.saloanoticias.com\/v1\/?p=12851"},"modified":"2020-12-10T10:21:56","modified_gmt":"2020-12-10T13:21:56","slug":"missa-de-30o-dia-em-memoria-de-paulo-gama-acontece-no-dia-19-12","status":"publish","type":"post","link":"https:\/\/www.saloanoticias.com\/v1\/missa-de-30o-dia-em-memoria-de-paulo-gama-acontece-no-dia-19-12\/","title":{"rendered":"MISSA DE 30\u00ba DIA EM MEM\u00d3RIA DE PAULO GAMA ACONTECER\u00c1 NO DIA 19\/12"},"content":{"rendered":"\n<p>Compreender os prop\u00f3sitos de Deus muitas vezes pode ser uma tarefa bem dif\u00edcil, principalmente quando a tristeza bate a nossa porta porque acabamos de perder um ente querido. Hoje a saudade nos faz mais uma visita. Dedicaremos este dia para relembrar os bons momentos que foram compartilhados e como a presen\u00e7a de uma pessoa t\u00e3o querida foi capaz de transformar tantas vidas aben\u00e7oadas. Que a dor da nossa perda possa ser diminu\u00edda a cada dia.<\/p>\n\n\n\n<p>O vazio que ficou jamais ser\u00e1 preenchido, mas com a paz de Deus em nossos cora\u00e7\u00f5es ser\u00e1 bem menos dif\u00edcil. O c\u00e9u comemorar\u00e1 um m\u00eas de vida eterna de uma pessoa muito querida, que para sempre estar\u00e1 em nossa mem\u00f3ria e influenciar\u00e1 eternamente a nossa hist\u00f3ria. Saudades eternas: Desta forma, a fam\u00edlia de Paulo Emiliano Gama (Paulo Gama) convida os parentes e amigos para participarem da missa de 30\u00ba dia que ser\u00e1 realizada no dia 19 de dezembro 2020, \u00e0s 15h na Igreja da Par\u00f3quia de S\u00e3o Vicente de Paulo, agradecendo desde j\u00e1, aos que comparecerem a este ato de f\u00e9 e irmandade crist\u00e3.<\/p>\n\n\n\n<div class=\"wp-block-image\"><figure class=\"aligncenter size-large\"><img loading=\"lazy\" decoding=\"async\" width=\"682\" height=\"1024\" src=\"https:\/\/www.saloanoticias.com\/v1\/wp-content\/uploads\/2020\/12\/missa-de-paulo-gama-682x1024.jpg\" alt=\"\" class=\"wp-image-12856\" srcset=\"https:\/\/www.saloanoticias.com\/v1\/wp-content\/uploads\/2020\/12\/missa-de-paulo-gama-682x1024.jpg 682w, https:\/\/www.saloanoticias.com\/v1\/wp-content\/uploads\/2020\/12\/missa-de-paulo-gama-200x300.jpg 200w, https:\/\/www.saloanoticias.com\/v1\/wp-content\/uploads\/2020\/12\/missa-de-paulo-gama-768x1152.jpg 768w, https:\/\/www.saloanoticias.com\/v1\/wp-content\/uploads\/2020\/12\/missa-de-paulo-gama.jpg 853w\" sizes=\"auto, (max-width: 682px) 100vw, 682px\" \/><\/figure><\/div>\n<div style=\"margin-top: 0px; margin-bottom: 0px;\" class=\"sharethis-inline-share-buttons\" ><\/div>","protected":false},"excerpt":{"rendered":"<p>Compreender os prop\u00f3sitos de Deus muitas vezes pode ser uma tarefa bem dif\u00edcil, principalmente quando a tristeza bate a nossa porta porque acabamos de perder um ente querido. Hoje a saudade nos faz mais uma visita. Dedicaremos este dia para relembrar os bons momentos que foram compartilhados e como a presen\u00e7a de uma pessoa t\u00e3o [&hellip;]<\/p>\n","protected":false},"author":1,"featured_media":12695,"comment_status":"closed","ping_status":"closed","sticky":false,"template":"","format":"standard","meta":{"footnotes":""},"categories":[2],"tags":[22],"class_list":["post-12851","post","type-post","status-publish","format-standard","has-post-thumbnail","hentry","category-noticias-do-dia","tag-destaques"],"_links":{"self":[{"href":"https:\/\/www.saloanoticias.com\/v1\/wp-json\/wp\/v2\/posts\/12851","targetHints":{"allow":["GET"]}}],"collection":[{"href":"https:\/\/www.saloanoticias.com\/v1\/wp-json\/wp\/v2\/posts"}],"about":[{"href":"https:\/\/www.saloanoticias.com\/v1\/wp-json\/wp\/v2\/types\/post"}],"author":[{"embeddable":true,"href":"https:\/\/www.saloanoticias.com\/v1\/wp-json\/wp\/v2\/users\/1"}],"replies":[{"embeddable":true,"href":"https:\/\/www.saloanoticias.com\/v1\/wp-json\/wp\/v2\/comments?post=12851"}],"version-history":[{"count":5,"href":"https:\/\/www.saloanoticias.com\/v1\/wp-json\/wp\/v2\/posts\/12851\/revisions"}],"predecessor-version":[{"id":12857,"href":"https:\/\/www.saloanoticias.com\/v1\/wp-json\/wp\/v2\/posts\/12851\/revisions\/12857"}],"wp:featuredmedia":[{"embeddable":true,"href":"https:\/\/www.saloanoticias.com\/v1\/wp-json\/wp\/v2\/media\/12695"}],"wp:attachment":[{"href":"https:\/\/www.saloanoticias.com\/v1\/wp-json\/wp\/v2\/media?parent=12851"}],"wp:term":[{"taxonomy":"category","embeddable":true,"href":"https:\/\/www.saloanoticias.com\/v1\/wp-json\/wp\/v2\/categories?post=12851"},{"taxonomy":"post_tag","embeddable":true,"href":"https:\/\/www.saloanoticias.com\/v1\/wp-json\/wp\/v2\/tags?post=12851"}],"curies":[{"name":"wp","href":"https:\/\/api.w.org\/{rel}","templated":true}]}}