{"id":12843,"date":"2020-12-09T21:56:12","date_gmt":"2020-12-10T00:56:12","guid":{"rendered":"https:\/\/www.saloanoticias.com\/v1\/?p=12843"},"modified":"2020-12-09T22:04:30","modified_gmt":"2020-12-10T01:04:30","slug":"aniversariante-do-dia-luiz-carlos-locutor","status":"publish","type":"post","link":"https:\/\/www.saloanoticias.com\/v1\/aniversariante-do-dia-luiz-carlos-locutor\/","title":{"rendered":"ANIVERSARIANTE DO DIA: LUIZ CARLOS ALVES &#8211; LUIZ LOCUTOR"},"content":{"rendered":"\n<p>Hoje \u00e9 o dia de celebrar a vida e as coisas boas que ela nos d\u00e1. Pensando nisso, queremos parabenizar nesta quarta-feira (9\/12), o amigo Luiz Carlos Alves, que \u00e9 mais conhecido como Luiz Carlos Locutor, figura bastante conhecida e de um talento not\u00e1vel quando se fala em locu\u00e7\u00e3o, radialismo, entrevistas e produ\u00e7\u00e3o de conte\u00fado digital. Luiz vem construindo sua carreira ao longo dos anos e \u00e9 reconhecido em toda a regi\u00e3o com sua voz inconfund\u00edvel ganhando v\u00e1rios pr\u00eamios no seguimento. Atualmente ele \u00e9 apresentador do programa Giro de Not\u00edcias na R\u00e1dio Salo\u00e1 FM. Parab\u00e9ns, Luiz Locutor, que papai do c\u00e9u te conceda muitos anos de vida e que sejas muito feliz. Este \u00e9 o desejo de todos os seus amigos. Na foto, Luiz Carlos est\u00e1 ao lado de seu filho N\u00edcolas.<\/p>\n<div style=\"margin-top: 0px; margin-bottom: 0px;\" class=\"sharethis-inline-share-buttons\" ><\/div>","protected":false},"excerpt":{"rendered":"<p>Hoje \u00e9 o dia de celebrar a vida e as coisas boas que ela nos d\u00e1. Pensando nisso, queremos parabenizar nesta quarta-feira (9\/12), o amigo Luiz Carlos Alves, que \u00e9 mais conhecido como Luiz Carlos Locutor, figura bastante conhecida e de um talento not\u00e1vel quando se fala em locu\u00e7\u00e3o, radialismo, entrevistas e produ\u00e7\u00e3o de conte\u00fado [&hellip;]<\/p>\n","protected":false},"author":1,"featured_media":12844,"comment_status":"closed","ping_status":"closed","sticky":false,"template":"","format":"standard","meta":{"footnotes":""},"categories":[2],"tags":[22],"class_list":["post-12843","post","type-post","status-publish","format-standard","has-post-thumbnail","hentry","category-noticias-do-dia","tag-destaques"],"_links":{"self":[{"href":"https:\/\/www.saloanoticias.com\/v1\/wp-json\/wp\/v2\/posts\/12843","targetHints":{"allow":["GET"]}}],"collection":[{"href":"https:\/\/www.saloanoticias.com\/v1\/wp-json\/wp\/v2\/posts"}],"about":[{"href":"https:\/\/www.saloanoticias.com\/v1\/wp-json\/wp\/v2\/types\/post"}],"author":[{"embeddable":true,"href":"https:\/\/www.saloanoticias.com\/v1\/wp-json\/wp\/v2\/users\/1"}],"replies":[{"embeddable":true,"href":"https:\/\/www.saloanoticias.com\/v1\/wp-json\/wp\/v2\/comments?post=12843"}],"version-history":[{"count":4,"href":"https:\/\/www.saloanoticias.com\/v1\/wp-json\/wp\/v2\/posts\/12843\/revisions"}],"predecessor-version":[{"id":12848,"href":"https:\/\/www.saloanoticias.com\/v1\/wp-json\/wp\/v2\/posts\/12843\/revisions\/12848"}],"wp:featuredmedia":[{"embeddable":true,"href":"https:\/\/www.saloanoticias.com\/v1\/wp-json\/wp\/v2\/media\/12844"}],"wp:attachment":[{"href":"https:\/\/www.saloanoticias.com\/v1\/wp-json\/wp\/v2\/media?parent=12843"}],"wp:term":[{"taxonomy":"category","embeddable":true,"href":"https:\/\/www.saloanoticias.com\/v1\/wp-json\/wp\/v2\/categories?post=12843"},{"taxonomy":"post_tag","embeddable":true,"href":"https:\/\/www.saloanoticias.com\/v1\/wp-json\/wp\/v2\/tags?post=12843"}],"curies":[{"name":"wp","href":"https:\/\/api.w.org\/{rel}","templated":true}]}}