{"id":12820,"date":"2020-12-04T21:59:39","date_gmt":"2020-12-05T00:59:39","guid":{"rendered":"https:\/\/www.saloanoticias.com\/v1\/?p=12820"},"modified":"2020-12-04T22:14:30","modified_gmt":"2020-12-05T01:14:30","slug":"camara-de-saloa-aprova-mocao-de-pesar-pela-morte-de-paulo-gama","status":"publish","type":"post","link":"https:\/\/www.saloanoticias.com\/v1\/camara-de-saloa-aprova-mocao-de-pesar-pela-morte-de-paulo-gama\/","title":{"rendered":"C\u00c2MARA DE SALO\u00c1 APROVA MO\u00c7\u00c3O DE PESAR PELA MORTE DE PAULO GAMA"},"content":{"rendered":"\n<p>A C\u00e2mara dos Vereadores de Salo\u00e1\/PE aprovou na noite desta quinta-feira, dia 3 de dezembro de 2020, uma mo\u00e7\u00e3o de pesar pela morte de Paulo Emiliano Gama, v\u00edtima de problemas de sa\u00fade, e que veio a \u00f3bito no \u00faltimo dia 15 de novembro. O documento foi apresentado pela vereadora Vilma da Prata (PSB) e aprovado por todos os parlamentares presentes na sess\u00e3o.<\/p>\n\n\n\n<p>Alguns vereadores usaram a palavra para comentar a mo\u00e7\u00e3o, dentre eles Ronaldinho, Jamel\u00e3o, J\u00fanior de Rivaldo, Beto da Sa\u00fade e Valdir Lopes. Todos afirmaram ser de grande import\u00e2ncia a mo\u00e7\u00e3o, citando v\u00e1rias passagens da vida de Paulo Gama na pol\u00edtica local. Jamel\u00e3o e Vilma disseram que Gama foi um dos grandes incentivadores nas vidas p\u00fablicas deles, desde o ano de 1996.<\/p>\n\n\n\n<p><em>&#8220;N\u00e3o tenho palavras para expressar meus sentimentos neste momento de extrema dor, onde as palavras nos faltam. Pe\u00e7o a Deus que com toda a sua miseric\u00f3rdia d\u00ea o conforto necess\u00e1rio \u00e0 fam\u00edlia e a todos que sentem o vazio que esse amigo deixou. Salo\u00e1 perde um grande homem e o c\u00e9u ganha uma estrela&#8221;<\/em>, disse Vilma da Prata.<\/p>\n\n\n\n<p>O documento aprovado ser\u00e1 encaminhado pela Mesa Diretora da Casa para os familiares. Paulo Emiliano Gama era filho dos saudosos Germano e Dona Losinha, casado e pai de 3 filhos, foi secret\u00e1rio municipal em v\u00e1rias gest\u00f5es e atualmente estava a frente da diretoria de agricultura.<\/p>\n\n\n\n<div class=\"wp-block-image\"><figure class=\"aligncenter size-large\"><img loading=\"lazy\" decoding=\"async\" width=\"442\" height=\"483\" src=\"https:\/\/www.saloanoticias.com\/v1\/wp-content\/uploads\/2020\/11\/str-de-saloa-pe-eleicao-2020-1.jpg\" alt=\"\" class=\"wp-image-12695\" srcset=\"https:\/\/www.saloanoticias.com\/v1\/wp-content\/uploads\/2020\/11\/str-de-saloa-pe-eleicao-2020-1.jpg 442w, https:\/\/www.saloanoticias.com\/v1\/wp-content\/uploads\/2020\/11\/str-de-saloa-pe-eleicao-2020-1-275x300.jpg 275w\" sizes=\"auto, (max-width: 442px) 100vw, 442px\" \/><\/figure><\/div>\n<div style=\"margin-top: 0px; margin-bottom: 0px;\" class=\"sharethis-inline-share-buttons\" ><\/div>","protected":false},"excerpt":{"rendered":"<p>A C\u00e2mara dos Vereadores de Salo\u00e1\/PE aprovou na noite desta quinta-feira, dia 3 de dezembro de 2020, uma mo\u00e7\u00e3o de pesar pela morte de Paulo Emiliano Gama, v\u00edtima de problemas de sa\u00fade, e que veio a \u00f3bito no \u00faltimo dia 15 de novembro. O documento foi apresentado pela vereadora Vilma da Prata (PSB) e aprovado [&hellip;]<\/p>\n","protected":false},"author":1,"featured_media":12821,"comment_status":"closed","ping_status":"closed","sticky":false,"template":"","format":"standard","meta":{"footnotes":""},"categories":[2],"tags":[22],"class_list":["post-12820","post","type-post","status-publish","format-standard","has-post-thumbnail","hentry","category-noticias-do-dia","tag-destaques"],"_links":{"self":[{"href":"https:\/\/www.saloanoticias.com\/v1\/wp-json\/wp\/v2\/posts\/12820","targetHints":{"allow":["GET"]}}],"collection":[{"href":"https:\/\/www.saloanoticias.com\/v1\/wp-json\/wp\/v2\/posts"}],"about":[{"href":"https:\/\/www.saloanoticias.com\/v1\/wp-json\/wp\/v2\/types\/post"}],"author":[{"embeddable":true,"href":"https:\/\/www.saloanoticias.com\/v1\/wp-json\/wp\/v2\/users\/1"}],"replies":[{"embeddable":true,"href":"https:\/\/www.saloanoticias.com\/v1\/wp-json\/wp\/v2\/comments?post=12820"}],"version-history":[{"count":4,"href":"https:\/\/www.saloanoticias.com\/v1\/wp-json\/wp\/v2\/posts\/12820\/revisions"}],"predecessor-version":[{"id":12826,"href":"https:\/\/www.saloanoticias.com\/v1\/wp-json\/wp\/v2\/posts\/12820\/revisions\/12826"}],"wp:featuredmedia":[{"embeddable":true,"href":"https:\/\/www.saloanoticias.com\/v1\/wp-json\/wp\/v2\/media\/12821"}],"wp:attachment":[{"href":"https:\/\/www.saloanoticias.com\/v1\/wp-json\/wp\/v2\/media?parent=12820"}],"wp:term":[{"taxonomy":"category","embeddable":true,"href":"https:\/\/www.saloanoticias.com\/v1\/wp-json\/wp\/v2\/categories?post=12820"},{"taxonomy":"post_tag","embeddable":true,"href":"https:\/\/www.saloanoticias.com\/v1\/wp-json\/wp\/v2\/tags?post=12820"}],"curies":[{"name":"wp","href":"https:\/\/api.w.org\/{rel}","templated":true}]}}