{"id":12801,"date":"2020-12-02T10:50:43","date_gmt":"2020-12-02T13:50:43","guid":{"rendered":"https:\/\/www.saloanoticias.com\/v1\/?p=12801"},"modified":"2020-12-02T10:50:52","modified_gmt":"2020-12-02T13:50:52","slug":"aniversariantes-do-dia-evaldo-miguel-junior-e-joel-silva","status":"publish","type":"post","link":"https:\/\/www.saloanoticias.com\/v1\/aniversariantes-do-dia-evaldo-miguel-junior-e-joel-silva\/","title":{"rendered":"ANIVERSARIANTES DO DIA: EVALDO, MIGUEL J\u00daNIOR E JOEL SILVA"},"content":{"rendered":"\n<p>Est\u00e3o de idade nova nesta quarta-feira (2), Evaldo de Tet\u00e9 Batateira, professor Miguel J\u00fanior e o locutor e radialista Joel Silva. Com toda certeza os preparativos para as festas est\u00e3o sendo grandes. Fica aqui a nossa lembran\u00e7a e desde j\u00e1, desejamos aos tr\u00eas que tenham um dia muito aben\u00e7oado com muita festa, paz e sa\u00fade.<\/p>\n<div style=\"margin-top: 0px; margin-bottom: 0px;\" class=\"sharethis-inline-share-buttons\" ><\/div>","protected":false},"excerpt":{"rendered":"<p>Est\u00e3o de idade nova nesta quarta-feira (2), Evaldo de Tet\u00e9 Batateira, professor Miguel J\u00fanior e o locutor e radialista Joel Silva. Com toda certeza os preparativos para as festas est\u00e3o sendo grandes. Fica aqui a nossa lembran\u00e7a e desde j\u00e1, desejamos aos tr\u00eas que tenham um dia muito aben\u00e7oado com muita festa, paz e sa\u00fade.<\/p>\n","protected":false},"author":1,"featured_media":12802,"comment_status":"closed","ping_status":"closed","sticky":false,"template":"","format":"standard","meta":{"footnotes":""},"categories":[2],"tags":[22],"class_list":["post-12801","post","type-post","status-publish","format-standard","has-post-thumbnail","hentry","category-noticias-do-dia","tag-destaques"],"_links":{"self":[{"href":"https:\/\/www.saloanoticias.com\/v1\/wp-json\/wp\/v2\/posts\/12801","targetHints":{"allow":["GET"]}}],"collection":[{"href":"https:\/\/www.saloanoticias.com\/v1\/wp-json\/wp\/v2\/posts"}],"about":[{"href":"https:\/\/www.saloanoticias.com\/v1\/wp-json\/wp\/v2\/types\/post"}],"author":[{"embeddable":true,"href":"https:\/\/www.saloanoticias.com\/v1\/wp-json\/wp\/v2\/users\/1"}],"replies":[{"embeddable":true,"href":"https:\/\/www.saloanoticias.com\/v1\/wp-json\/wp\/v2\/comments?post=12801"}],"version-history":[{"count":1,"href":"https:\/\/www.saloanoticias.com\/v1\/wp-json\/wp\/v2\/posts\/12801\/revisions"}],"predecessor-version":[{"id":12803,"href":"https:\/\/www.saloanoticias.com\/v1\/wp-json\/wp\/v2\/posts\/12801\/revisions\/12803"}],"wp:featuredmedia":[{"embeddable":true,"href":"https:\/\/www.saloanoticias.com\/v1\/wp-json\/wp\/v2\/media\/12802"}],"wp:attachment":[{"href":"https:\/\/www.saloanoticias.com\/v1\/wp-json\/wp\/v2\/media?parent=12801"}],"wp:term":[{"taxonomy":"category","embeddable":true,"href":"https:\/\/www.saloanoticias.com\/v1\/wp-json\/wp\/v2\/categories?post=12801"},{"taxonomy":"post_tag","embeddable":true,"href":"https:\/\/www.saloanoticias.com\/v1\/wp-json\/wp\/v2\/tags?post=12801"}],"curies":[{"name":"wp","href":"https:\/\/api.w.org\/{rel}","templated":true}]}}