{"id":12792,"date":"2020-12-01T12:54:52","date_gmt":"2020-12-01T15:54:52","guid":{"rendered":"https:\/\/www.saloanoticias.com\/v1\/?p=12792"},"modified":"2020-12-01T12:55:06","modified_gmt":"2020-12-01T15:55:06","slug":"faleceu-o-sr-maurinho-pessoa-bastante-conhecida-em-saloa","status":"publish","type":"post","link":"https:\/\/www.saloanoticias.com\/v1\/faleceu-o-sr-maurinho-pessoa-bastante-conhecida-em-saloa\/","title":{"rendered":"FALECEU O SR. MAURINHO, PESSOA BASTANTE CONHECIDA EM SALO\u00c1"},"content":{"rendered":"\n<p>Garanhuns perdeu na noite de ontem, 30, seu Jos\u00e9 Amauri Pereira de Melo, mais conhecido por seu Amauri. Alguns o chamavam tamb\u00e9m de Mauro ou Maurinho.&nbsp;&nbsp;Ele tinha 82 anos de idade, casado, pai de dois filhos, Betinho e Dorinha. Morreu em casa, enquanto tomava banho, v\u00edtima de um infarto fulminante.&nbsp;<\/p>\n\n\n\n<p>Seu Amauri foi comerci\u00e1rio por muitos anos em Garanhuns, a \u00faltima empresa que trabalhou foi na Antartica, quando j\u00e1 estava aposentado. Muito querido por todos,&nbsp;&nbsp;seu Amauri era desportista, amava futebol, foi fundador do Nacional Atl\u00e9tico Clube. Inclusive como membro ass\u00edduo, esteve no Clube do cora\u00e7\u00e3o no \u00faltimo s\u00e1bado, dia de encontro daquela associa\u00e7\u00e3o esportiva. Tamb\u00e9m era amante das caminhadas, diariamente podia ser visto pelas ruas e avenidas de Garanhuns, percorrendo os seus 10 quil\u00f4metros di\u00e1rios.&nbsp;<\/p>\n\n\n\n<p>De acordo com o seu sobrinho, o ex-vereador Marcelo Mar\u00e7al, o vel\u00f3rio est\u00e1 ocorrendo na Osacre, e o sepultamento est\u00e1 previsto para ocorrer \u00e0s 16h, no cemit\u00e9rio S\u00e3o Miguel.<\/p>\n\n\n\n<p>Amauri era irm\u00e3o de Jos\u00e9 Soares de Almeida, o Zezinho Borrego, que foi prefeito de Capoeiras por tr\u00eas mandatos. Com informa\u00e7\u00f5es do Blog do Roberto Almeida <\/p>\n<div style=\"margin-top: 0px; margin-bottom: 0px;\" class=\"sharethis-inline-share-buttons\" ><\/div>","protected":false},"excerpt":{"rendered":"<p>Garanhuns perdeu na noite de ontem, 30, seu Jos\u00e9 Amauri Pereira de Melo, mais conhecido por seu Amauri. Alguns o chamavam tamb\u00e9m de Mauro ou Maurinho.&nbsp;&nbsp;Ele tinha 82 anos de idade, casado, pai de dois filhos, Betinho e Dorinha. Morreu em casa, enquanto tomava banho, v\u00edtima de um infarto fulminante.&nbsp; Seu Amauri foi comerci\u00e1rio por [&hellip;]<\/p>\n","protected":false},"author":1,"featured_media":12793,"comment_status":"closed","ping_status":"closed","sticky":false,"template":"","format":"standard","meta":{"footnotes":""},"categories":[2],"tags":[22],"class_list":["post-12792","post","type-post","status-publish","format-standard","has-post-thumbnail","hentry","category-noticias-do-dia","tag-destaques"],"_links":{"self":[{"href":"https:\/\/www.saloanoticias.com\/v1\/wp-json\/wp\/v2\/posts\/12792","targetHints":{"allow":["GET"]}}],"collection":[{"href":"https:\/\/www.saloanoticias.com\/v1\/wp-json\/wp\/v2\/posts"}],"about":[{"href":"https:\/\/www.saloanoticias.com\/v1\/wp-json\/wp\/v2\/types\/post"}],"author":[{"embeddable":true,"href":"https:\/\/www.saloanoticias.com\/v1\/wp-json\/wp\/v2\/users\/1"}],"replies":[{"embeddable":true,"href":"https:\/\/www.saloanoticias.com\/v1\/wp-json\/wp\/v2\/comments?post=12792"}],"version-history":[{"count":1,"href":"https:\/\/www.saloanoticias.com\/v1\/wp-json\/wp\/v2\/posts\/12792\/revisions"}],"predecessor-version":[{"id":12794,"href":"https:\/\/www.saloanoticias.com\/v1\/wp-json\/wp\/v2\/posts\/12792\/revisions\/12794"}],"wp:featuredmedia":[{"embeddable":true,"href":"https:\/\/www.saloanoticias.com\/v1\/wp-json\/wp\/v2\/media\/12793"}],"wp:attachment":[{"href":"https:\/\/www.saloanoticias.com\/v1\/wp-json\/wp\/v2\/media?parent=12792"}],"wp:term":[{"taxonomy":"category","embeddable":true,"href":"https:\/\/www.saloanoticias.com\/v1\/wp-json\/wp\/v2\/categories?post=12792"},{"taxonomy":"post_tag","embeddable":true,"href":"https:\/\/www.saloanoticias.com\/v1\/wp-json\/wp\/v2\/tags?post=12792"}],"curies":[{"name":"wp","href":"https:\/\/api.w.org\/{rel}","templated":true}]}}