{"id":12369,"date":"2020-08-26T20:54:09","date_gmt":"2020-08-26T23:54:09","guid":{"rendered":"https:\/\/www.saloanoticias.com\/v1\/?p=12369"},"modified":"2020-08-26T21:06:51","modified_gmt":"2020-08-27T00:06:51","slug":"programa-levou-qualificacao-para-1-250-mulheres-em-pernambuco","status":"publish","type":"post","link":"https:\/\/www.saloanoticias.com\/v1\/programa-levou-qualificacao-para-1-250-mulheres-em-pernambuco\/","title":{"rendered":"PROGRAMA LEVOU QUALIFICA\u00c7\u00c3O PARA 1.250 MULHERES EM PERNAMBUCO"},"content":{"rendered":"\n<p>O Governo de Pernambuco, por meio da Secretaria do Trabalho, Emprego e Qualifica\u00e7\u00e3o, capacitou 1.250 mulheres empreendedoras com o programa \u201cEla Pode\u201d durante o per\u00edodo de pandemia da Covid-19. A iniciativa, criada pelo Instituto Rede Mulher Empreendedora, com o apoio do Google, ser\u00e1 voltada para o Agreste nesta edi\u00e7\u00e3o que ter\u00e1 in\u00edcio amanh\u00e3 (27). Francismeire Silva Melo, de 42 anos, mora e trabalha em Caruaru, e foi uma das beneficiadas pelo projeto. \u201cAntes, eu fazia tudo, porque eu n\u00e3o tinha emprego. J\u00e1 morei at\u00e9 na rua, trabalhei como costureira, dom\u00e9stica, ajudante de pedreiro. At\u00e9 que, de tr\u00eas anos para c\u00e1, eu consegui abrir a Tr\u00eas Sentidos por Fran\u201d, contou a empreendedora. Ela aprendeu, em um programa de TV local, a fazer aromatizantes de ambiente gastando pouco.<\/p>\n\n\n\n<p>\u201cCom dinheiro emprestado, consegui fazer a minha primeira remessa. Na \u00e9poca, eu estava entrando em depress\u00e3o, mas me redescobri. Foi muito dif\u00edcil, porque no come\u00e7o eu n\u00e3o sabia como vender. Ent\u00e3o, procurei desenvolver o meu lado como mulher empreendedora\u201d, confidenciou Francismeire, que mesmo durante a pandemia, buscou se especializar. \u201cFiz v\u00e1rias oficinas do \u2018Ela Pode\u2019, que praticamente me ajudaram em tudo. Hoje, eu tenho marca, conhecimento e produtos de qualidade\u201d, contou.<\/p>\n\n\n\n<p>Presidente da Associa\u00e7\u00e3o de Mulheres Empreendedoras de Caruaru (AMEC), que tamb\u00e9m abriga outras artes\u00e3s, a empreendedora conseguiu fechar um contrato, em agosto, para expor seus produtos em uma loja colaborativa na sua cidade. \u201cA hist\u00f3ria de Francismeire \u00e9 emocionante, de supera\u00e7\u00e3o e de reviravolta. \u00c9 um exemplo de esperan\u00e7a e de que dias melhores vir\u00e3o\u201d, disse o secret\u00e1rio do Trabalho, Emprego e Qualifica\u00e7\u00e3o de Pernambuco, Alberes Lopes.<\/p>\n\n\n\n<p>Para a economista Virg\u00ednia Krauss, multiplicadora do programa \u201cEla Pode\u201d, \u00e9 muito importante acompanhar o desenvolvimento e manter o elo p\u00f3s-oficinas.\u00a0\u00a0\u201cO exemplo da empreendedora Fran, que se inscreveu em nossas primeiras aulas no in\u00edcio da pandemia, buscando conhecimentos para atualizar seu neg\u00f3cio e ampliar suas vendas, \u00e9 incr\u00edvel. Desde a primeira oficina, ela se mostrou interessada em aplicar tudo que aprendia em sua vida e em seu neg\u00f3cio, trazendo, inclusive, suas experi\u00eancias positivas de empreendedora para as demais mulheres\u201d, observou a economista. As pr\u00f3ximas turmas do \u201cEla Pode\u201d, com vers\u00f5es online e ao vivo, est\u00e3o previstas para come\u00e7ar nesta quinta-feira (27.08) e no pr\u00f3ximo dia 03 de setembro, respectivamente, sempre \u00e0s 16h. A primeira com o tema Marca Pessoal, Networking e Ferramentas Digitais, e a segunda, tratando de E-Commerce.<\/p>\n<div style=\"margin-top: 0px; margin-bottom: 0px;\" class=\"sharethis-inline-share-buttons\" ><\/div>","protected":false},"excerpt":{"rendered":"<p>O Governo de Pernambuco, por meio da Secretaria do Trabalho, Emprego e Qualifica\u00e7\u00e3o, capacitou 1.250 mulheres empreendedoras com o programa \u201cEla Pode\u201d durante o per\u00edodo de pandemia da Covid-19. A iniciativa, criada pelo Instituto Rede Mulher Empreendedora, com o apoio do Google, ser\u00e1 voltada para o Agreste nesta edi\u00e7\u00e3o que ter\u00e1 in\u00edcio amanh\u00e3 (27). Francismeire [&hellip;]<\/p>\n","protected":false},"author":1,"featured_media":12370,"comment_status":"closed","ping_status":"closed","sticky":false,"template":"","format":"standard","meta":{"footnotes":""},"categories":[28],"tags":[22],"class_list":["post-12369","post","type-post","status-publish","format-standard","has-post-thumbnail","hentry","category-turismo","tag-destaques"],"_links":{"self":[{"href":"https:\/\/www.saloanoticias.com\/v1\/wp-json\/wp\/v2\/posts\/12369","targetHints":{"allow":["GET"]}}],"collection":[{"href":"https:\/\/www.saloanoticias.com\/v1\/wp-json\/wp\/v2\/posts"}],"about":[{"href":"https:\/\/www.saloanoticias.com\/v1\/wp-json\/wp\/v2\/types\/post"}],"author":[{"embeddable":true,"href":"https:\/\/www.saloanoticias.com\/v1\/wp-json\/wp\/v2\/users\/1"}],"replies":[{"embeddable":true,"href":"https:\/\/www.saloanoticias.com\/v1\/wp-json\/wp\/v2\/comments?post=12369"}],"version-history":[{"count":2,"href":"https:\/\/www.saloanoticias.com\/v1\/wp-json\/wp\/v2\/posts\/12369\/revisions"}],"predecessor-version":[{"id":12372,"href":"https:\/\/www.saloanoticias.com\/v1\/wp-json\/wp\/v2\/posts\/12369\/revisions\/12372"}],"wp:featuredmedia":[{"embeddable":true,"href":"https:\/\/www.saloanoticias.com\/v1\/wp-json\/wp\/v2\/media\/12370"}],"wp:attachment":[{"href":"https:\/\/www.saloanoticias.com\/v1\/wp-json\/wp\/v2\/media?parent=12369"}],"wp:term":[{"taxonomy":"category","embeddable":true,"href":"https:\/\/www.saloanoticias.com\/v1\/wp-json\/wp\/v2\/categories?post=12369"},{"taxonomy":"post_tag","embeddable":true,"href":"https:\/\/www.saloanoticias.com\/v1\/wp-json\/wp\/v2\/tags?post=12369"}],"curies":[{"name":"wp","href":"https:\/\/api.w.org\/{rel}","templated":true}]}}