{"id":11522,"date":"2020-05-29T11:51:16","date_gmt":"2020-05-29T14:51:16","guid":{"rendered":"https:\/\/saloanoticias.com\/v1\/?p=11522"},"modified":"2020-05-29T11:51:19","modified_gmt":"2020-05-29T14:51:19","slug":"governo-de-pernambuco-anuncia-plano-de-reabertura-da-economia","status":"publish","type":"post","link":"https:\/\/www.saloanoticias.com\/v1\/governo-de-pernambuco-anuncia-plano-de-reabertura-da-economia\/","title":{"rendered":"GOVERNO DE PERNAMBUCO ANUNCIA PLANO DE REABERTURA DA ECONOMIA"},"content":{"rendered":"\n<div class=\"wp-block-image\"><figure class=\"aligncenter size-large\"><img loading=\"lazy\" decoding=\"async\" width=\"1024\" height=\"683\" src=\"https:\/\/saloanoticias.com\/v1\/wp-content\/uploads\/2020\/05\/Foto-Heudes-Regis-SEI-Covid-19-Coletiva_com_os_secretarios_Bruno_Schwambach_Decio_Padilha-3-1024x683.jpg\" alt=\"\" class=\"wp-image-11523\" srcset=\"https:\/\/www.saloanoticias.com\/v1\/wp-content\/uploads\/2020\/05\/Foto-Heudes-Regis-SEI-Covid-19-Coletiva_com_os_secretarios_Bruno_Schwambach_Decio_Padilha-3-1024x683.jpg 1024w, https:\/\/www.saloanoticias.com\/v1\/wp-content\/uploads\/2020\/05\/Foto-Heudes-Regis-SEI-Covid-19-Coletiva_com_os_secretarios_Bruno_Schwambach_Decio_Padilha-3-300x200.jpg 300w, https:\/\/www.saloanoticias.com\/v1\/wp-content\/uploads\/2020\/05\/Foto-Heudes-Regis-SEI-Covid-19-Coletiva_com_os_secretarios_Bruno_Schwambach_Decio_Padilha-3-768x512.jpg 768w, https:\/\/www.saloanoticias.com\/v1\/wp-content\/uploads\/2020\/05\/Foto-Heudes-Regis-SEI-Covid-19-Coletiva_com_os_secretarios_Bruno_Schwambach_Decio_Padilha-3-1536x1024.jpg 1536w, https:\/\/www.saloanoticias.com\/v1\/wp-content\/uploads\/2020\/05\/Foto-Heudes-Regis-SEI-Covid-19-Coletiva_com_os_secretarios_Bruno_Schwambach_Decio_Padilha-3-2048x1365.jpg 2048w\" sizes=\"auto, (max-width: 1024px) 100vw, 1024px\" \/><figcaption>Foto:  Heudes Regis\/SEI &#8211; Data: 28-05-2020 &#8211; Covid-19 &#8211; Coletiva com os secret\u00e1rios do estado Bruno Schwambach e Decio Padilha<\/figcaption><\/figure><\/div>\n\n\n\n<p>Nos \u00faltimos dois meses, o Governo de Pernambuco vem realizando uma s\u00e9rie de reuni\u00f5es com representantes de v\u00e1rios setores produtivos para estabelecer os par\u00e2metros de um plano de conviv\u00eancia das atividades econ\u00f4micas com a pandemia da Covid-19. O estudo foi conduzido pelas secretarias de Desenvolvimento Econ\u00f4mico, Planejamento e Gest\u00e3o, da Fazenda, do Trabalho e Qualifica\u00e7\u00e3o e de Desenvolvimento Urbano. O estudo prev\u00ea uma retomada gradativa, respeitando as orienta\u00e7\u00f5es sanit\u00e1rias e com um per\u00edodo de 11 semanas para ser totalmente posto em pr\u00e1tica.<\/p>\n\n\n\n<p>A data de in\u00edcio da estrat\u00e9gia depender\u00e1 de um conjunto de indicadores definidos pelas autoridades sanit\u00e1rias e cient\u00edficas que fazem parte do Gabinete de Enfrentamento ao Novo Coronav\u00edrus, do governo estadual. O plano tamb\u00e9m inclui a an\u00e1lise da quantidade de trabalhadores por setor e de que maneira o retorno de cada atividade influenciar\u00e1 em pontos complementares, como o transporte p\u00fablico. A ideia \u00e9 que os setores adotem hor\u00e1rios diferentes de expediente para n\u00e3o saturar o sistema nos hor\u00e1rios de pico.<\/p>\n\n\n\n<p>\u201cSem vacina ou medicamento comprovadamente eficaz contra o novo coronav\u00edrus, todos teremos que conviver com a doen\u00e7a. Nosso plano pesa quais atividades t\u00eam menos impacto nas curvas de contamina\u00e7\u00e3o e a relev\u00e2ncia econ\u00f4mica de cada setor para definir o cronograma de libera\u00e7\u00e3o\u201d, detalhou o secret\u00e1rio de Desenvolvimento Econ\u00f4mico, Bruno Schwambach.<\/p>\n\n\n\n<p>A epidemia da Covid-19 atingiu de maneira direta a economia mundial, e no Brasil n\u00e3o foi diferente. A estimativa da Secretaria da Fazenda \u00e9 de que a paralisa\u00e7\u00e3o das atividades econ\u00f4micas, por conta das medidas de isolamento social, tenha um reflexo negativo na arrecada\u00e7\u00e3o da ordem de 20%, no comparativo com 2019. \u201cA ajuda aos Estados, sancionada nesta quinta-feira pelo Governo Federal, \u00e9 insuficiente para repor as perdas impostas pela epidemia do novo coronav\u00edrus\u201d, destacou o secret\u00e1rio da Fazenda, D\u00e9cio Padilha.<\/p>\n<div style=\"margin-top: 0px; margin-bottom: 0px;\" class=\"sharethis-inline-share-buttons\" ><\/div>","protected":false},"excerpt":{"rendered":"<p>Nos \u00faltimos dois meses, o Governo de Pernambuco vem realizando uma s\u00e9rie de reuni\u00f5es com representantes de v\u00e1rios setores produtivos para estabelecer os par\u00e2metros de um plano de conviv\u00eancia das atividades econ\u00f4micas com a pandemia da Covid-19. O estudo foi conduzido pelas secretarias de Desenvolvimento Econ\u00f4mico, Planejamento e Gest\u00e3o, da Fazenda, do Trabalho e Qualifica\u00e7\u00e3o [&hellip;]<\/p>\n","protected":false},"author":1,"featured_media":11523,"comment_status":"closed","ping_status":"closed","sticky":false,"template":"","format":"standard","meta":{"footnotes":""},"categories":[28],"tags":[],"class_list":["post-11522","post","type-post","status-publish","format-standard","has-post-thumbnail","hentry","category-turismo"],"_links":{"self":[{"href":"https:\/\/www.saloanoticias.com\/v1\/wp-json\/wp\/v2\/posts\/11522","targetHints":{"allow":["GET"]}}],"collection":[{"href":"https:\/\/www.saloanoticias.com\/v1\/wp-json\/wp\/v2\/posts"}],"about":[{"href":"https:\/\/www.saloanoticias.com\/v1\/wp-json\/wp\/v2\/types\/post"}],"author":[{"embeddable":true,"href":"https:\/\/www.saloanoticias.com\/v1\/wp-json\/wp\/v2\/users\/1"}],"replies":[{"embeddable":true,"href":"https:\/\/www.saloanoticias.com\/v1\/wp-json\/wp\/v2\/comments?post=11522"}],"version-history":[{"count":1,"href":"https:\/\/www.saloanoticias.com\/v1\/wp-json\/wp\/v2\/posts\/11522\/revisions"}],"predecessor-version":[{"id":11524,"href":"https:\/\/www.saloanoticias.com\/v1\/wp-json\/wp\/v2\/posts\/11522\/revisions\/11524"}],"wp:featuredmedia":[{"embeddable":true,"href":"https:\/\/www.saloanoticias.com\/v1\/wp-json\/wp\/v2\/media\/11523"}],"wp:attachment":[{"href":"https:\/\/www.saloanoticias.com\/v1\/wp-json\/wp\/v2\/media?parent=11522"}],"wp:term":[{"taxonomy":"category","embeddable":true,"href":"https:\/\/www.saloanoticias.com\/v1\/wp-json\/wp\/v2\/categories?post=11522"},{"taxonomy":"post_tag","embeddable":true,"href":"https:\/\/www.saloanoticias.com\/v1\/wp-json\/wp\/v2\/tags?post=11522"}],"curies":[{"name":"wp","href":"https:\/\/api.w.org\/{rel}","templated":true}]}}