{"id":10783,"date":"2020-03-18T11:27:59","date_gmt":"2020-03-18T14:27:59","guid":{"rendered":"https:\/\/saloanoticias.com\/v1\/?p=10783"},"modified":"2020-05-29T17:34:08","modified_gmt":"2020-05-29T20:34:08","slug":"eventos-com-mais-de-50-pessoas-estao-proibidos-em-pernambuco","status":"publish","type":"post","link":"https:\/\/www.saloanoticias.com\/v1\/eventos-com-mais-de-50-pessoas-estao-proibidos-em-pernambuco\/","title":{"rendered":"EVENTOS COM MAIS DE 50 PESSOAS EST\u00c3O PROIBIDOS EM PERNAMBUCO"},"content":{"rendered":"\n<figure class=\"wp-block-image size-large\"><img loading=\"lazy\" decoding=\"async\" width=\"1024\" height=\"683\" src=\"https:\/\/saloanoticias.com\/v1\/wp-content\/uploads\/2020\/03\/O-Governador-Paulo-Camara-re\u00fane-prefeitos-do-Agreste-2-1024x683.jpg\" alt=\"\" class=\"wp-image-10784\" srcset=\"https:\/\/www.saloanoticias.com\/v1\/wp-content\/uploads\/2020\/03\/O-Governador-Paulo-Camara-re\u00fane-prefeitos-do-Agreste-2-1024x683.jpg 1024w, https:\/\/www.saloanoticias.com\/v1\/wp-content\/uploads\/2020\/03\/O-Governador-Paulo-Camara-re\u00fane-prefeitos-do-Agreste-2-300x200.jpg 300w, https:\/\/www.saloanoticias.com\/v1\/wp-content\/uploads\/2020\/03\/O-Governador-Paulo-Camara-re\u00fane-prefeitos-do-Agreste-2-768x512.jpg 768w, https:\/\/www.saloanoticias.com\/v1\/wp-content\/uploads\/2020\/03\/O-Governador-Paulo-Camara-re\u00fane-prefeitos-do-Agreste-2-1536x1024.jpg 1536w, https:\/\/www.saloanoticias.com\/v1\/wp-content\/uploads\/2020\/03\/O-Governador-Paulo-Camara-re\u00fane-prefeitos-do-Agreste-2-2048x1365.jpg 2048w\" sizes=\"auto, (max-width: 1024px) 100vw, 1024px\" \/><\/figure>\n\n\n\n<p>O\ngovernador Paulo C\u00e2mara anunciou, nesta ter\u00e7a-feira (17.03), um novo pacote de\nmedidas preventivas com o objetivo de intensificar as a\u00e7\u00f5es de enfrentamento ao\ncoronav\u00edrus no Estado, que contabiliza atualmente 19 casos confirmados. O novo\ndecreto determina a suspens\u00e3o de eventos com p\u00fablico superior a 50 pessoas,\nal\u00e9m da interrup\u00e7\u00e3o de opera\u00e7\u00f5es de pouso e decolagem de aeronaves no Aeroporto\nde Fernando de Noronha, onde foi identificado um novo caso suspeito.<\/p>\n\n\n\n<p>O\nsecret\u00e1rio estadual de Sa\u00fade, Andr\u00e9 Longo, explicou que o novo paciente\nnotificado configura um est\u00e1gio comunit\u00e1rio, quando n\u00e3o se identifica a\ntransmiss\u00e3o de origem. \u201cA nossa vigil\u00e2ncia epidemiol\u00f3gica e a acelera\u00e7\u00e3o na\ntestagem dos exames foi fundamental para que pud\u00e9ssemos detectar o mais r\u00e1pido\nposs\u00edvel a situa\u00e7\u00e3o, o que nos permitiu adotar medidas mais adequadas para a\nnossa realidade\u201d, afirmou. O 19\u00aa caso em Pernambuco \u00e9 de uma mulher de 63 anos,\nmoradora do Recife, que n\u00e3o tem hist\u00f3rico de viagem para \u00e1rea de transmiss\u00e3o da\ndoen\u00e7a nem contato com paciente suspeito ou positivo.<\/p>\n\n\n\n<p>Sobre a\nsuspeita de contamina\u00e7\u00e3o em Fernando de Noronha, Andr\u00e9 Longo destacou que as\nmedidas iniciais de isolamento j\u00e1 foram adotadas, al\u00e9m de refor\u00e7ar que a\nrecomenda\u00e7\u00e3o de fechamento do aeroporto local visa resguardar os moradores da\nilha. \u201cO aeroporto ser\u00e1 fechado a partir do pr\u00f3ximo dia 21 para os turistas, de\nforma que todos eles tenham condi\u00e7\u00f5es de voltar em voos que ser\u00e3o\ndisponibilizados pelas companhias a\u00e9reas onde adquiriram suas passagens\u201d,\ninformou.<\/p>\n\n\n\n<p>O Governo\nde Pernambuco determinou ainda o fechamento de teatros, museus, centros de\nartesanato, cinemas, academias de gin\u00e1sticas e similares, evitando ao m\u00e1ximo as\naglomera\u00e7\u00f5es. Outra determina\u00e7\u00e3o \u00e9 a de que passageiros e tripulantes de voos\nvindos do exterior cumpram, obrigatoriamente, isolamento domiciliar ao\ndesembarcarem no Aeroporto Internacional do Recife. Como anunciado\nposteriormente, a suspens\u00e3o das aulas em toda a rede estadual de educa\u00e7\u00e3o,\np\u00fablica e privada, inicia a partir de amanh\u00e3 (18), por tempo indeterminado.<\/p>\n\n\n\n<p><strong>REUNI\u00c3O&nbsp;<\/strong>\u2013 Antes do an\u00fancio das novas medidas, o governador Paulo C\u00e2mara reuniu\nprefeitos e representantes de 58 munic\u00edpios do Agreste pernambucano. O encontro\nserviu para dialogar sobre o cen\u00e1rio atual na regi\u00e3o e atualizar os gestores\ndas novas iniciativas de combate ao Covid-19. Anteriormente, o chefe do\nExecutivo j\u00e1 havia se reunido com prefeitos da Regi\u00e3o Metropolitana e da Zona\nda Mata. <strong>Fotos:<\/strong>&nbsp;Heudes Regis\/SEI<\/p>\n<div style=\"margin-top: 0px; margin-bottom: 0px;\" class=\"sharethis-inline-share-buttons\" ><\/div>","protected":false},"excerpt":{"rendered":"<p>O governador Paulo C\u00e2mara anunciou, nesta ter\u00e7a-feira (17.03), um novo pacote de medidas preventivas com o objetivo de intensificar as a\u00e7\u00f5es de enfrentamento ao coronav\u00edrus no Estado, que contabiliza atualmente 19 casos confirmados. O novo decreto determina a suspens\u00e3o de eventos com p\u00fablico superior a 50 pessoas, al\u00e9m da interrup\u00e7\u00e3o de opera\u00e7\u00f5es de pouso e [&hellip;]<\/p>\n","protected":false},"author":1,"featured_media":10784,"comment_status":"closed","ping_status":"closed","sticky":false,"template":"","format":"standard","meta":{"footnotes":""},"categories":[4],"tags":[],"class_list":["post-10783","post","type-post","status-publish","format-standard","has-post-thumbnail","hentry","category-eventos"],"_links":{"self":[{"href":"https:\/\/www.saloanoticias.com\/v1\/wp-json\/wp\/v2\/posts\/10783","targetHints":{"allow":["GET"]}}],"collection":[{"href":"https:\/\/www.saloanoticias.com\/v1\/wp-json\/wp\/v2\/posts"}],"about":[{"href":"https:\/\/www.saloanoticias.com\/v1\/wp-json\/wp\/v2\/types\/post"}],"author":[{"embeddable":true,"href":"https:\/\/www.saloanoticias.com\/v1\/wp-json\/wp\/v2\/users\/1"}],"replies":[{"embeddable":true,"href":"https:\/\/www.saloanoticias.com\/v1\/wp-json\/wp\/v2\/comments?post=10783"}],"version-history":[{"count":1,"href":"https:\/\/www.saloanoticias.com\/v1\/wp-json\/wp\/v2\/posts\/10783\/revisions"}],"predecessor-version":[{"id":10785,"href":"https:\/\/www.saloanoticias.com\/v1\/wp-json\/wp\/v2\/posts\/10783\/revisions\/10785"}],"wp:featuredmedia":[{"embeddable":true,"href":"https:\/\/www.saloanoticias.com\/v1\/wp-json\/wp\/v2\/media\/10784"}],"wp:attachment":[{"href":"https:\/\/www.saloanoticias.com\/v1\/wp-json\/wp\/v2\/media?parent=10783"}],"wp:term":[{"taxonomy":"category","embeddable":true,"href":"https:\/\/www.saloanoticias.com\/v1\/wp-json\/wp\/v2\/categories?post=10783"},{"taxonomy":"post_tag","embeddable":true,"href":"https:\/\/www.saloanoticias.com\/v1\/wp-json\/wp\/v2\/tags?post=10783"}],"curies":[{"name":"wp","href":"https:\/\/api.w.org\/{rel}","templated":true}]}}