{"id":10764,"date":"2020-03-15T22:36:10","date_gmt":"2020-03-16T01:36:10","guid":{"rendered":"https:\/\/saloanoticias.com\/v1\/?p=10764"},"modified":"2020-05-29T17:34:44","modified_gmt":"2020-05-29T20:34:44","slug":"comunidade-riachao-esta-realizando-a-festa-de-sao-jose","status":"publish","type":"post","link":"https:\/\/www.saloanoticias.com\/v1\/comunidade-riachao-esta-realizando-a-festa-de-sao-jose\/","title":{"rendered":"COMUNIDADE DO S\u00cdTIO RIACH\u00c3O EST\u00c1 REALIZANDO A FESTA DE S\u00c3O JOS\u00c9"},"content":{"rendered":"\n<figure class=\"wp-block-image size-large\"><img loading=\"lazy\" decoding=\"async\" width=\"1024\" height=\"768\" src=\"https:\/\/saloanoticias.com\/v1\/wp-content\/uploads\/2020\/03\/15-trilha-da-cachoeira-saloa-noticias-1024x768.jpg\" alt=\"\" class=\"wp-image-10765\" srcset=\"https:\/\/www.saloanoticias.com\/v1\/wp-content\/uploads\/2020\/03\/15-trilha-da-cachoeira-saloa-noticias-1024x768.jpg 1024w, https:\/\/www.saloanoticias.com\/v1\/wp-content\/uploads\/2020\/03\/15-trilha-da-cachoeira-saloa-noticias-300x225.jpg 300w, https:\/\/www.saloanoticias.com\/v1\/wp-content\/uploads\/2020\/03\/15-trilha-da-cachoeira-saloa-noticias-768x576.jpg 768w, https:\/\/www.saloanoticias.com\/v1\/wp-content\/uploads\/2020\/03\/15-trilha-da-cachoeira-saloa-noticias-1536x1152.jpg 1536w, https:\/\/www.saloanoticias.com\/v1\/wp-content\/uploads\/2020\/03\/15-trilha-da-cachoeira-saloa-noticias.jpg 1600w\" sizes=\"auto, (max-width: 1024px) 100vw, 1024px\" \/><\/figure>\n\n\n\n<p>Est\u00e1 acontecendo na comunidade do s\u00edtio Riach\u00e3o em Salo\u00e1 as festividades do padroeiro S\u00e3o Jos\u00e9. A festa come\u00e7ou no dia 13 de mar\u00e7o e se estender\u00e1 at\u00e9 o dia 22, quando haver\u00e1 o grande leil\u00e3o de prendas ofertadas pelos moradores da localidade. A comunidade Cat\u00f3lica agradece desde j\u00e1 a Deus por celebrar pela primeira vez as festividades em honra a S\u00e3o Jos\u00e9, e ainda ao Padre Rodrigo Lima, as comunidades participantes e a todos que contribu\u00edram para a realiza\u00e7\u00e3o do evento. Lembramos que todas as noites h\u00e1 quermesse.<\/p>\n<div style=\"margin-top: 0px; margin-bottom: 0px;\" class=\"sharethis-inline-share-buttons\" ><\/div>","protected":false},"excerpt":{"rendered":"<p>Est\u00e1 acontecendo na comunidade do s\u00edtio Riach\u00e3o em Salo\u00e1 as festividades do padroeiro S\u00e3o Jos\u00e9. A festa come\u00e7ou no dia 13 de mar\u00e7o e se estender\u00e1 at\u00e9 o dia 22, quando haver\u00e1 o grande leil\u00e3o de prendas ofertadas pelos moradores da localidade. A comunidade Cat\u00f3lica agradece desde j\u00e1 a Deus por celebrar pela primeira vez [&hellip;]<\/p>\n","protected":false},"author":1,"featured_media":10768,"comment_status":"closed","ping_status":"closed","sticky":false,"template":"","format":"standard","meta":{"footnotes":""},"categories":[4],"tags":[],"class_list":["post-10764","post","type-post","status-publish","format-standard","has-post-thumbnail","hentry","category-eventos"],"_links":{"self":[{"href":"https:\/\/www.saloanoticias.com\/v1\/wp-json\/wp\/v2\/posts\/10764","targetHints":{"allow":["GET"]}}],"collection":[{"href":"https:\/\/www.saloanoticias.com\/v1\/wp-json\/wp\/v2\/posts"}],"about":[{"href":"https:\/\/www.saloanoticias.com\/v1\/wp-json\/wp\/v2\/types\/post"}],"author":[{"embeddable":true,"href":"https:\/\/www.saloanoticias.com\/v1\/wp-json\/wp\/v2\/users\/1"}],"replies":[{"embeddable":true,"href":"https:\/\/www.saloanoticias.com\/v1\/wp-json\/wp\/v2\/comments?post=10764"}],"version-history":[{"count":3,"href":"https:\/\/www.saloanoticias.com\/v1\/wp-json\/wp\/v2\/posts\/10764\/revisions"}],"predecessor-version":[{"id":10769,"href":"https:\/\/www.saloanoticias.com\/v1\/wp-json\/wp\/v2\/posts\/10764\/revisions\/10769"}],"wp:featuredmedia":[{"embeddable":true,"href":"https:\/\/www.saloanoticias.com\/v1\/wp-json\/wp\/v2\/media\/10768"}],"wp:attachment":[{"href":"https:\/\/www.saloanoticias.com\/v1\/wp-json\/wp\/v2\/media?parent=10764"}],"wp:term":[{"taxonomy":"category","embeddable":true,"href":"https:\/\/www.saloanoticias.com\/v1\/wp-json\/wp\/v2\/categories?post=10764"},{"taxonomy":"post_tag","embeddable":true,"href":"https:\/\/www.saloanoticias.com\/v1\/wp-json\/wp\/v2\/tags?post=10764"}],"curies":[{"name":"wp","href":"https:\/\/api.w.org\/{rel}","templated":true}]}}