{"id":10748,"date":"2020-03-10T14:03:14","date_gmt":"2020-03-10T17:03:14","guid":{"rendered":"https:\/\/saloanoticias.com\/v1\/?p=10748"},"modified":"2020-05-29T17:36:06","modified_gmt":"2020-05-29T20:36:06","slug":"nesta-quarta-11-acontece-o-mulheres-em-acao-na-cidade-de-saloa","status":"publish","type":"post","link":"https:\/\/www.saloanoticias.com\/v1\/nesta-quarta-11-acontece-o-mulheres-em-acao-na-cidade-de-saloa\/","title":{"rendered":"NESTA QUARTA (11) ACONTECE O MULHERES EM A\u00c7\u00c3O NA CIDADE DE SALO\u00c1"},"content":{"rendered":"\n<div class=\"wp-block-image\"><figure class=\"aligncenter size-large\"><img loading=\"lazy\" decoding=\"async\" width=\"1024\" height=\"1024\" src=\"https:\/\/saloanoticias.com\/v1\/wp-content\/uploads\/2020\/03\/44dac23f-e854-4ae1-839e-fda77bf24fca-1024x1024.jpg\" alt=\"\" class=\"wp-image-10749\" srcset=\"https:\/\/www.saloanoticias.com\/v1\/wp-content\/uploads\/2020\/03\/44dac23f-e854-4ae1-839e-fda77bf24fca-1024x1024.jpg 1024w, https:\/\/www.saloanoticias.com\/v1\/wp-content\/uploads\/2020\/03\/44dac23f-e854-4ae1-839e-fda77bf24fca-300x300.jpg 300w, https:\/\/www.saloanoticias.com\/v1\/wp-content\/uploads\/2020\/03\/44dac23f-e854-4ae1-839e-fda77bf24fca-150x150.jpg 150w, https:\/\/www.saloanoticias.com\/v1\/wp-content\/uploads\/2020\/03\/44dac23f-e854-4ae1-839e-fda77bf24fca-768x768.jpg 768w, https:\/\/www.saloanoticias.com\/v1\/wp-content\/uploads\/2020\/03\/44dac23f-e854-4ae1-839e-fda77bf24fca-80x80.jpg 80w, https:\/\/www.saloanoticias.com\/v1\/wp-content\/uploads\/2020\/03\/44dac23f-e854-4ae1-839e-fda77bf24fca.jpg 1080w\" sizes=\"auto, (max-width: 1024px) 100vw, 1024px\" \/><\/figure><\/div>\n\n\n\n<p>Acontecer\u00e1 na manh\u00e3 desta quarta-feira, dia 11 de mar\u00e7o de 2020, na Pra\u00e7a S\u00e3o Vicente, no centro de Salo\u00e1, mais uma edi\u00e7\u00e3o do \u201cMulheres em A\u00e7\u00e3o\u201d. A partir das 8h haver\u00e1 um coffee break e um espa\u00e7o exclusivo para o bem-estar e beleza das mulheres que participarem deste evento que tem o apoio da Prefeitura Municipal. Participe tamb\u00e9m e valorize essa luta em defesa das mulheres.<\/p>\n\n\n\n<p>Esta a\u00e7\u00e3o faz parte das comemora\u00e7\u00f5es ao dia internacional da mulher que aconteceu no \u00faltimo dia 8 de mar\u00e7o e visa desperta a sociedade no sentido de garantir e respeitar os direitos das mulheres que a cada dia tem os seus anseios assegurados no seio da sociedade. As secretarias de sa\u00fade e assist\u00eancia social estar\u00e3o juntas nesta luta.<\/p>\n<div style=\"margin-top: 0px; margin-bottom: 0px;\" class=\"sharethis-inline-share-buttons\" ><\/div>","protected":false},"excerpt":{"rendered":"<p>Acontecer\u00e1 na manh\u00e3 desta quarta-feira, dia 11 de mar\u00e7o de 2020, na Pra\u00e7a S\u00e3o Vicente, no centro de Salo\u00e1, mais uma edi\u00e7\u00e3o do \u201cMulheres em A\u00e7\u00e3o\u201d. A partir das 8h haver\u00e1 um coffee break e um espa\u00e7o exclusivo para o bem-estar e beleza das mulheres que participarem deste evento que tem o apoio da Prefeitura [&hellip;]<\/p>\n","protected":false},"author":1,"featured_media":10750,"comment_status":"closed","ping_status":"closed","sticky":false,"template":"","format":"standard","meta":{"footnotes":""},"categories":[4],"tags":[],"class_list":["post-10748","post","type-post","status-publish","format-standard","has-post-thumbnail","hentry","category-eventos"],"_links":{"self":[{"href":"https:\/\/www.saloanoticias.com\/v1\/wp-json\/wp\/v2\/posts\/10748","targetHints":{"allow":["GET"]}}],"collection":[{"href":"https:\/\/www.saloanoticias.com\/v1\/wp-json\/wp\/v2\/posts"}],"about":[{"href":"https:\/\/www.saloanoticias.com\/v1\/wp-json\/wp\/v2\/types\/post"}],"author":[{"embeddable":true,"href":"https:\/\/www.saloanoticias.com\/v1\/wp-json\/wp\/v2\/users\/1"}],"replies":[{"embeddable":true,"href":"https:\/\/www.saloanoticias.com\/v1\/wp-json\/wp\/v2\/comments?post=10748"}],"version-history":[{"count":2,"href":"https:\/\/www.saloanoticias.com\/v1\/wp-json\/wp\/v2\/posts\/10748\/revisions"}],"predecessor-version":[{"id":10752,"href":"https:\/\/www.saloanoticias.com\/v1\/wp-json\/wp\/v2\/posts\/10748\/revisions\/10752"}],"wp:featuredmedia":[{"embeddable":true,"href":"https:\/\/www.saloanoticias.com\/v1\/wp-json\/wp\/v2\/media\/10750"}],"wp:attachment":[{"href":"https:\/\/www.saloanoticias.com\/v1\/wp-json\/wp\/v2\/media?parent=10748"}],"wp:term":[{"taxonomy":"category","embeddable":true,"href":"https:\/\/www.saloanoticias.com\/v1\/wp-json\/wp\/v2\/categories?post=10748"},{"taxonomy":"post_tag","embeddable":true,"href":"https:\/\/www.saloanoticias.com\/v1\/wp-json\/wp\/v2\/tags?post=10748"}],"curies":[{"name":"wp","href":"https:\/\/api.w.org\/{rel}","templated":true}]}}