{"id":10728,"date":"2020-03-03T23:31:59","date_gmt":"2020-03-04T02:31:59","guid":{"rendered":"https:\/\/saloanoticias.com\/v1\/?p=10728"},"modified":"2020-05-29T17:37:16","modified_gmt":"2020-05-29T20:37:16","slug":"aniversario-de-luiz-tenorio-reune-uma-multidao-em-iati","status":"publish","type":"post","link":"https:\/\/www.saloanoticias.com\/v1\/aniversario-de-luiz-tenorio-reune-uma-multidao-em-iati\/","title":{"rendered":"ANIVERS\u00c1RIO DE LUIZ TEN\u00d3RIO RE\u00daNE UMA MULTID\u00c3O EM IAT\u00cd"},"content":{"rendered":"\n<figure class=\"wp-block-image size-large\"><img loading=\"lazy\" decoding=\"async\" width=\"1024\" height=\"576\" src=\"https:\/\/saloanoticias.com\/v1\/wp-content\/uploads\/2020\/03\/1D3D320E-5EAE-4C65-A9EA-F735EE1D95BE-1024x576.jpeg\" alt=\"\" class=\"wp-image-10729\" srcset=\"https:\/\/www.saloanoticias.com\/v1\/wp-content\/uploads\/2020\/03\/1D3D320E-5EAE-4C65-A9EA-F735EE1D95BE-1024x576.jpeg 1024w, https:\/\/www.saloanoticias.com\/v1\/wp-content\/uploads\/2020\/03\/1D3D320E-5EAE-4C65-A9EA-F735EE1D95BE-300x169.jpeg 300w, https:\/\/www.saloanoticias.com\/v1\/wp-content\/uploads\/2020\/03\/1D3D320E-5EAE-4C65-A9EA-F735EE1D95BE-768x432.jpeg 768w, https:\/\/www.saloanoticias.com\/v1\/wp-content\/uploads\/2020\/03\/1D3D320E-5EAE-4C65-A9EA-F735EE1D95BE.jpeg 1280w\" sizes=\"auto, (max-width: 1024px) 100vw, 1024px\" \/><\/figure>\n\n\n\n<p>No \u00faltimo s\u00e1bado (29) na propriedade do popular Carlos Correia, Iat\u00ed vivenciou a maior festa de anivers\u00e1rio de toda sua hist\u00f3ria. O ex-prefeito Luiz Ten\u00f3rio completou mais um ano de vida no \u00faltimo dia 26 de fevereiro, mais a festa s\u00f3 aconteceu no dia 29, organizada pela popula\u00e7\u00e3o iatiense que se mobilizou em peso para homenagear este grande cidad\u00e3o iatiense que governou junto com sua fam\u00edlia de forma inovadora o munic\u00edpio de Iat\u00ed.<\/p>\n\n\n\n<figure class=\"wp-block-image size-large\"><img loading=\"lazy\" decoding=\"async\" width=\"1024\" height=\"576\" src=\"https:\/\/saloanoticias.com\/v1\/wp-content\/uploads\/2020\/03\/3B5AF057-DF69-45F7-9652-7D5A510BCA3D-1024x576.jpeg\" alt=\"\" class=\"wp-image-10732\" srcset=\"https:\/\/www.saloanoticias.com\/v1\/wp-content\/uploads\/2020\/03\/3B5AF057-DF69-45F7-9652-7D5A510BCA3D-1024x576.jpeg 1024w, https:\/\/www.saloanoticias.com\/v1\/wp-content\/uploads\/2020\/03\/3B5AF057-DF69-45F7-9652-7D5A510BCA3D-300x169.jpeg 300w, https:\/\/www.saloanoticias.com\/v1\/wp-content\/uploads\/2020\/03\/3B5AF057-DF69-45F7-9652-7D5A510BCA3D-768x432.jpeg 768w, https:\/\/www.saloanoticias.com\/v1\/wp-content\/uploads\/2020\/03\/3B5AF057-DF69-45F7-9652-7D5A510BCA3D.jpeg 1280w\" sizes=\"auto, (max-width: 1024px) 100vw, 1024px\" \/><\/figure>\n\n\n\n<p>Pelas informa\u00e7\u00f5es repassadas ao Blog do Ronaldo Birunda, toda a estrutura do evento foi doa\u00e7\u00e3o da popula\u00e7\u00e3o que compareceu em massa para abra\u00e7ar Luiz Ten\u00f3rio. Al\u00e9m dos populares v\u00e1rias autoridades do Munic\u00edpio estiveram presentes, inclusive Vereadores, ex-vereadores, comerciantes e empres\u00e1rios. Muitos dos que estavam no local se emocionaram com o carinho de todos por Luiz. Destaca-se a presen\u00e7a das pessoas mais humildes vivenciando esse momento de alegria.<br><\/p>\n<div style=\"margin-top: 0px; margin-bottom: 0px;\" class=\"sharethis-inline-share-buttons\" ><\/div>","protected":false},"excerpt":{"rendered":"<p>No \u00faltimo s\u00e1bado (29) na propriedade do popular Carlos Correia, Iat\u00ed vivenciou a maior festa de anivers\u00e1rio de toda sua hist\u00f3ria. O ex-prefeito Luiz Ten\u00f3rio completou mais um ano de vida no \u00faltimo dia 26 de fevereiro, mais a festa s\u00f3 aconteceu no dia 29, organizada pela popula\u00e7\u00e3o iatiense que se mobilizou em peso para [&hellip;]<\/p>\n","protected":false},"author":1,"featured_media":10729,"comment_status":"closed","ping_status":"closed","sticky":false,"template":"","format":"standard","meta":{"footnotes":""},"categories":[4],"tags":[],"class_list":["post-10728","post","type-post","status-publish","format-standard","has-post-thumbnail","hentry","category-eventos"],"_links":{"self":[{"href":"https:\/\/www.saloanoticias.com\/v1\/wp-json\/wp\/v2\/posts\/10728","targetHints":{"allow":["GET"]}}],"collection":[{"href":"https:\/\/www.saloanoticias.com\/v1\/wp-json\/wp\/v2\/posts"}],"about":[{"href":"https:\/\/www.saloanoticias.com\/v1\/wp-json\/wp\/v2\/types\/post"}],"author":[{"embeddable":true,"href":"https:\/\/www.saloanoticias.com\/v1\/wp-json\/wp\/v2\/users\/1"}],"replies":[{"embeddable":true,"href":"https:\/\/www.saloanoticias.com\/v1\/wp-json\/wp\/v2\/comments?post=10728"}],"version-history":[{"count":3,"href":"https:\/\/www.saloanoticias.com\/v1\/wp-json\/wp\/v2\/posts\/10728\/revisions"}],"predecessor-version":[{"id":10733,"href":"https:\/\/www.saloanoticias.com\/v1\/wp-json\/wp\/v2\/posts\/10728\/revisions\/10733"}],"wp:featuredmedia":[{"embeddable":true,"href":"https:\/\/www.saloanoticias.com\/v1\/wp-json\/wp\/v2\/media\/10729"}],"wp:attachment":[{"href":"https:\/\/www.saloanoticias.com\/v1\/wp-json\/wp\/v2\/media?parent=10728"}],"wp:term":[{"taxonomy":"category","embeddable":true,"href":"https:\/\/www.saloanoticias.com\/v1\/wp-json\/wp\/v2\/categories?post=10728"},{"taxonomy":"post_tag","embeddable":true,"href":"https:\/\/www.saloanoticias.com\/v1\/wp-json\/wp\/v2\/tags?post=10728"}],"curies":[{"name":"wp","href":"https:\/\/api.w.org\/{rel}","templated":true}]}}