{"id":10679,"date":"2020-02-21T08:25:24","date_gmt":"2020-02-21T11:25:24","guid":{"rendered":"https:\/\/saloanoticias.com\/v1\/?p=10679"},"modified":"2020-05-29T17:39:45","modified_gmt":"2020-05-29T20:39:45","slug":"paulo-destaca-alegria-do-foliao-na-abertura-do-carnaval","status":"publish","type":"post","link":"https:\/\/www.saloanoticias.com\/v1\/paulo-destaca-alegria-do-foliao-na-abertura-do-carnaval\/","title":{"rendered":"PAULO DESTACA ALEGRIA DO FOLI\u00c3O NA ABERTURA DO CARNAVAL"},"content":{"rendered":"\n<figure class=\"wp-block-image size-large\"><img loading=\"lazy\" decoding=\"async\" width=\"800\" height=\"533\" src=\"https:\/\/saloanoticias.com\/v1\/wp-content\/uploads\/2020\/02\/Paulo-C\u00e2mara-na-abertura-do-Carnaval-de-Olinda-1.jpg\" alt=\"\" class=\"wp-image-10680\" srcset=\"https:\/\/www.saloanoticias.com\/v1\/wp-content\/uploads\/2020\/02\/Paulo-C\u00e2mara-na-abertura-do-Carnaval-de-Olinda-1.jpg 800w, https:\/\/www.saloanoticias.com\/v1\/wp-content\/uploads\/2020\/02\/Paulo-C\u00e2mara-na-abertura-do-Carnaval-de-Olinda-1-300x200.jpg 300w, https:\/\/www.saloanoticias.com\/v1\/wp-content\/uploads\/2020\/02\/Paulo-C\u00e2mara-na-abertura-do-Carnaval-de-Olinda-1-768x512.jpg 768w\" sizes=\"auto, (max-width: 800px) 100vw, 800px\" \/><\/figure>\n\n\n\n<p>O\ngovernador Paulo C\u00e2mara prestigiou, na noite desta quinta-feira (20.02), a\nabertura do Carnaval de Olinda, ao lado do anfitri\u00e3o da noite, o prefeito\nProfessor Lup\u00e9rcio, secret\u00e1rios e parlamentares. A festa na Marim dos Caet\u00e9s\ncome\u00e7ou com o cortejo do Homem da Meia-Noite, arrastando foli\u00f5es at\u00e9 a Pra\u00e7a do\nCarmo, palco principal do carnaval na cidade. Com o tema \u201cO Carnaval de Olinda\n\u00e9 coisa de outro mundo\u201d, s\u00e3o homenageados Ivo de Xamb\u00e1 e Byll de Olinda (in\nmemoriam). Para este ano, a Prefeitura estima ter 3,7 milh\u00f5es de pessoas\nbrincando nas ladeiras.<\/p>\n\n\n\n<p>\u201cVamos ter\nmais um carnaval de muita alegria em Pernambuco, mantendo a tradi\u00e7\u00e3o de fazer\numa festa de paz. As pessoas podem ir \u00e0s ruas e se divertir, est\u00e1 tudo pronto,\ns\u00f3 esperando pela alegria do povo pernambucano. E Olinda, mais uma vez, est\u00e1 de\nparab\u00e9ns! Tenho certeza de que o carnaval da cidade ser\u00e1 um sucesso. Parab\u00e9ns \u00e0\nPrefeitura, que se organizou e se preparou. Com certeza ser\u00e3o dias de muita\nalegria\u201d, afirmou o governador, ressaltando ainda&nbsp;a import\u00e2ncia econ\u00f4mica\ndo carnaval enquanto movimentador da economia, tanto no setor de turismo quanto\nno com\u00e9rcio.<\/p>\n\n\n\n<p>O prefeito\nLup\u00e9rcio refor\u00e7ou essa quest\u00e3o, destacando a relev\u00e2ncia da festa mais popular\ndo mundo para aquecer a economia local. \u201cEstamos recebendo gente de outros\nestados e de outros pa\u00edses\u201d, disse o prefeito para, em seguida, agradecer a\npresen\u00e7a do governador, ressaltando que n\u00e3o poderia ser diferente. \u201cEm todos os\nanos o governador Paulo C\u00e2mara tem estado conosco, prestigiando o Carnaval de\nOlinda, al\u00e9m de nos dar todo apoio dentro do que \u00e9 poss\u00edvel\u201d, frisou Lup\u00e9rcio,\nreiterando que a cidade est\u00e1 totalmente preparada para receber os foli\u00f5es.\n\u201cEstamos com uma expectativa muito grande de que esse ser\u00e1 o melhor carnaval da\nnossa gest\u00e3o\u201d, frisou. Fotos: Heudes Regis\/SEI<\/p>\n<div style=\"margin-top: 0px; margin-bottom: 0px;\" class=\"sharethis-inline-share-buttons\" ><\/div>","protected":false},"excerpt":{"rendered":"<p>O governador Paulo C\u00e2mara prestigiou, na noite desta quinta-feira (20.02), a abertura do Carnaval de Olinda, ao lado do anfitri\u00e3o da noite, o prefeito Professor Lup\u00e9rcio, secret\u00e1rios e parlamentares. A festa na Marim dos Caet\u00e9s come\u00e7ou com o cortejo do Homem da Meia-Noite, arrastando foli\u00f5es at\u00e9 a Pra\u00e7a do Carmo, palco principal do carnaval na [&hellip;]<\/p>\n","protected":false},"author":1,"featured_media":10680,"comment_status":"closed","ping_status":"closed","sticky":false,"template":"","format":"standard","meta":{"footnotes":""},"categories":[4],"tags":[],"class_list":["post-10679","post","type-post","status-publish","format-standard","has-post-thumbnail","hentry","category-eventos"],"_links":{"self":[{"href":"https:\/\/www.saloanoticias.com\/v1\/wp-json\/wp\/v2\/posts\/10679","targetHints":{"allow":["GET"]}}],"collection":[{"href":"https:\/\/www.saloanoticias.com\/v1\/wp-json\/wp\/v2\/posts"}],"about":[{"href":"https:\/\/www.saloanoticias.com\/v1\/wp-json\/wp\/v2\/types\/post"}],"author":[{"embeddable":true,"href":"https:\/\/www.saloanoticias.com\/v1\/wp-json\/wp\/v2\/users\/1"}],"replies":[{"embeddable":true,"href":"https:\/\/www.saloanoticias.com\/v1\/wp-json\/wp\/v2\/comments?post=10679"}],"version-history":[{"count":1,"href":"https:\/\/www.saloanoticias.com\/v1\/wp-json\/wp\/v2\/posts\/10679\/revisions"}],"predecessor-version":[{"id":10681,"href":"https:\/\/www.saloanoticias.com\/v1\/wp-json\/wp\/v2\/posts\/10679\/revisions\/10681"}],"wp:featuredmedia":[{"embeddable":true,"href":"https:\/\/www.saloanoticias.com\/v1\/wp-json\/wp\/v2\/media\/10680"}],"wp:attachment":[{"href":"https:\/\/www.saloanoticias.com\/v1\/wp-json\/wp\/v2\/media?parent=10679"}],"wp:term":[{"taxonomy":"category","embeddable":true,"href":"https:\/\/www.saloanoticias.com\/v1\/wp-json\/wp\/v2\/categories?post=10679"},{"taxonomy":"post_tag","embeddable":true,"href":"https:\/\/www.saloanoticias.com\/v1\/wp-json\/wp\/v2\/tags?post=10679"}],"curies":[{"name":"wp","href":"https:\/\/api.w.org\/{rel}","templated":true}]}}