{"id":10640,"date":"2020-02-14T10:32:30","date_gmt":"2020-02-14T13:32:30","guid":{"rendered":"https:\/\/saloanoticias.com\/v1\/?p=10640"},"modified":"2020-02-14T10:32:33","modified_gmt":"2020-02-14T13:32:33","slug":"namorado-de-gugu-tambem-quer-parte-da-heranca","status":"publish","type":"post","link":"https:\/\/www.saloanoticias.com\/v1\/namorado-de-gugu-tambem-quer-parte-da-heranca\/","title":{"rendered":"NAMORADO DE GUGU TAMB\u00c9M QUER PARTE DA HERAN\u00c7A"},"content":{"rendered":"\n<figure class=\"wp-block-image size-large\"><img loading=\"lazy\" decoding=\"async\" width=\"1000\" height=\"471\" src=\"https:\/\/saloanoticias.com\/v1\/wp-content\/uploads\/2020\/02\/gugu-liberato-saloa.jpg\" alt=\"\" class=\"wp-image-10641\" srcset=\"https:\/\/www.saloanoticias.com\/v1\/wp-content\/uploads\/2020\/02\/gugu-liberato-saloa.jpg 1000w, https:\/\/www.saloanoticias.com\/v1\/wp-content\/uploads\/2020\/02\/gugu-liberato-saloa-300x141.jpg 300w, https:\/\/www.saloanoticias.com\/v1\/wp-content\/uploads\/2020\/02\/gugu-liberato-saloa-768x362.jpg 768w\" sizes=\"auto, (max-width: 1000px) 100vw, 1000px\" \/><\/figure>\n\n\n\n<p class=\"wp-block-paragraph\">A briga pela heran\u00e7a\ndo apresentador&nbsp;<strong>Gugu Liberato<\/strong>, que morreu em\nnovembro do ano passado, ganhou mais um personagem. Al\u00e9m da disputa entre\nAparecida Liberato, irm\u00e3 do artista, e Rose Miriam, m\u00e3e dos filhos de Gugu,\noutro nome surge:&nbsp;<strong>Thiago Salvatico<\/strong>. Segundo informa\u00e7\u00f5es\nda coluna de Sonia Racy do jornal&nbsp;<em>O Estado de S.Paulo<\/em>, ele, que \u00e9 chef de\ncozinha, procurou o escrit\u00f3rio de advocacia Traldi e Saggiori, localizado na\nBela Vista, para representa\u00e7\u00e3o no processo de invent\u00e1rio do apresentador. Os\nadvogados confirmaram para o jornal que ir\u00e3o representar Salvatico, e afirmaram\nque ele foi companheiro de Gugu.<\/p>\n\n\n\n<p class=\"wp-block-paragraph\">Ainda segundo informa\u00e7\u00f5es da coluna, a dupla teve\num relacionamento est\u00e1vel por cerca de oito anos e realizaram v\u00e1rias viagens\ninternacionais no per\u00edodo. O advogado Nelson Wilians, que representa Rose, enviou\nposicionamento sobre o caso: \u201cisso n\u00e3o interfere em nada no processo de uni\u00e3o\nest\u00e1vel. S\u00f3 tem a finalidade de criar tumulto, embara\u00e7o e constrangimento\u201d. A\nassessoria de imprensa da fam\u00edlia Liberato disse por nota que \u201cos advogados que\nrepresentam a fam\u00edlia de Gugu n\u00e3o tem conhecimento sobre qualquer novo\nprocesso\u201d.<\/p>\n\n\n\n<p class=\"wp-block-paragraph\">Wilians faz refer\u00eancia ao reconhecimento da uni\u00e3o\nest\u00e1vel entre Rose e Gugu, que tamb\u00e9m corre na Justi\u00e7a. Ela, que havia\nconseguido pens\u00e3o mensal de 100 000 reais do esp\u00f3lio do apresentador, teve a\ndecis\u00e3o revista no in\u00edcio do m\u00eas, e&nbsp;<a href=\"https:\/\/vejasp.abril.com.br\/cidades\/tj-nao-reconhece-uniao-estavel-rose-gugu-liberato-diminui-pensao\/\">valor caiu para 10 000\nd\u00f3lares, o equivalente a 42 000 reais<\/a>. <em>Fonte: Revista Veja<\/em><\/p>\n<div style=\"margin-top: 0px; margin-bottom: 0px;\" class=\"sharethis-inline-share-buttons\" ><\/div>","protected":false},"excerpt":{"rendered":"<p>A briga pela heran\u00e7a do apresentador&nbsp;Gugu Liberato, que morreu em novembro do ano passado, ganhou mais um personagem. Al\u00e9m da disputa entre Aparecida Liberato, irm\u00e3 do artista, e Rose Miriam, m\u00e3e dos filhos de Gugu, outro nome surge:&nbsp;Thiago Salvatico. Segundo informa\u00e7\u00f5es da coluna de Sonia Racy do jornal&nbsp;O Estado de S.Paulo, ele, que \u00e9 chef [&hellip;]<\/p>\n","protected":false},"author":1,"featured_media":10641,"comment_status":"open","ping_status":"open","sticky":false,"template":"","format":"standard","meta":{"footnotes":""},"categories":[2],"tags":[],"class_list":["post-10640","post","type-post","status-publish","format-standard","has-post-thumbnail","hentry","category-noticias-do-dia"],"_links":{"self":[{"href":"https:\/\/www.saloanoticias.com\/v1\/wp-json\/wp\/v2\/posts\/10640","targetHints":{"allow":["GET"]}}],"collection":[{"href":"https:\/\/www.saloanoticias.com\/v1\/wp-json\/wp\/v2\/posts"}],"about":[{"href":"https:\/\/www.saloanoticias.com\/v1\/wp-json\/wp\/v2\/types\/post"}],"author":[{"embeddable":true,"href":"https:\/\/www.saloanoticias.com\/v1\/wp-json\/wp\/v2\/users\/1"}],"replies":[{"embeddable":true,"href":"https:\/\/www.saloanoticias.com\/v1\/wp-json\/wp\/v2\/comments?post=10640"}],"version-history":[{"count":1,"href":"https:\/\/www.saloanoticias.com\/v1\/wp-json\/wp\/v2\/posts\/10640\/revisions"}],"predecessor-version":[{"id":10642,"href":"https:\/\/www.saloanoticias.com\/v1\/wp-json\/wp\/v2\/posts\/10640\/revisions\/10642"}],"wp:featuredmedia":[{"embeddable":true,"href":"https:\/\/www.saloanoticias.com\/v1\/wp-json\/wp\/v2\/media\/10641"}],"wp:attachment":[{"href":"https:\/\/www.saloanoticias.com\/v1\/wp-json\/wp\/v2\/media?parent=10640"}],"wp:term":[{"taxonomy":"category","embeddable":true,"href":"https:\/\/www.saloanoticias.com\/v1\/wp-json\/wp\/v2\/categories?post=10640"},{"taxonomy":"post_tag","embeddable":true,"href":"https:\/\/www.saloanoticias.com\/v1\/wp-json\/wp\/v2\/tags?post=10640"}],"curies":[{"name":"wp","href":"https:\/\/api.w.org\/{rel}","templated":true}]}}