{"id":10636,"date":"2020-02-13T14:31:37","date_gmt":"2020-02-13T17:31:37","guid":{"rendered":"https:\/\/saloanoticias.com\/v1\/?p=10636"},"modified":"2020-02-13T14:31:40","modified_gmt":"2020-02-13T17:31:40","slug":"comecou-a-campanha-de-vacinacao-contra-o-sarampo-em-saloa","status":"publish","type":"post","link":"https:\/\/www.saloanoticias.com\/v1\/comecou-a-campanha-de-vacinacao-contra-o-sarampo-em-saloa\/","title":{"rendered":"COME\u00c7OU A CAMPANHA DE VACINA\u00c7\u00c3O CONTRA O SARAMPO EM SALO\u00c1"},"content":{"rendered":"\n<figure class=\"wp-block-image size-large\"><img loading=\"lazy\" decoding=\"async\" width=\"848\" height=\"536\" src=\"https:\/\/saloanoticias.com\/v1\/wp-content\/uploads\/2020\/02\/Acao_saude.2e16d0ba.fill-848x536-1.jpg\" alt=\"\" class=\"wp-image-10637\" srcset=\"https:\/\/www.saloanoticias.com\/v1\/wp-content\/uploads\/2020\/02\/Acao_saude.2e16d0ba.fill-848x536-1.jpg 848w, https:\/\/www.saloanoticias.com\/v1\/wp-content\/uploads\/2020\/02\/Acao_saude.2e16d0ba.fill-848x536-1-300x190.jpg 300w, https:\/\/www.saloanoticias.com\/v1\/wp-content\/uploads\/2020\/02\/Acao_saude.2e16d0ba.fill-848x536-1-768x485.jpg 768w\" sizes=\"auto, (max-width: 848px) 100vw, 848px\" \/><\/figure>\n\n\n\n<p class=\"wp-block-paragraph\">Crian\u00e7as e adolescentes com idade entre 5 e 19 anos\nt\u00eam um compromisso com a vacina da tr\u00edplice viral a partir desta semana. A\nCampanha Nacional de Vacina\u00e7\u00e3o contra o Sarampo para esse p\u00fablico segue\nintensificada em todas as salas de vacina\u00e7\u00e3o do munic\u00edpio at\u00e9 o dia 13 de\nmar\u00e7o. A imuniza\u00e7\u00e3o \u00e9 a \u00fanica forma de prevenir o sarampo, doen\u00e7a viral grave\ncom alt\u00edssimo potencial de transmiss\u00e3o.<\/p>\n\n\n\n<p class=\"wp-block-paragraph\">A Coordenadora da Aten\u00e7\u00e3o B\u00e1sica, Joanny\nCavalcante, detalha que, neste per\u00edodo somente a popula\u00e7\u00e3o de 5 a 19 anos podem\nprocurar as salas de vacina\u00e7\u00e3o para, de forma seletiva, serem imunizadas. \u201cLembrando\nque a vacina contra o Sarampo pode ser aplicada em crian\u00e7as de 6 meses a\nmenores de 1 ano como forma de intensifica\u00e7\u00e3o, de 1 ano a 29 anos, devem ser\naplicadas 2 doses, e de 30 anos a 49 anos, a recomenda\u00e7\u00e3o \u00e9 de apenas 1 dose,\ncomo rotina, sendo sempre necess\u00e1rio a avalia\u00e7\u00e3o da caderneta de vacina\u00e7\u00e3o\u201d.<\/p>\n\n\n\n<p class=\"wp-block-paragraph\">As Campanhas contra o Sarampo est\u00e3o acontecendo de\nforma seletiva, devido aos surtos da doen\u00e7a ocorridos em nosso pa\u00eds, como forma\nde controle e preven\u00e7\u00e3o da doen\u00e7a. \u00c9 importante que toda a popula\u00e7\u00e3o de 5 a 19\nanos procure um posto de sa\u00fade mais pr\u00f3ximo e leve sua caderneta de vacina\u00e7\u00e3o,\npara que a mesma seja avaliada e se necess\u00e1rio voc\u00ea receber\u00e1 a dose da vacina\ncontra o Sarampo.<\/p>\n\n\n\n<p class=\"wp-block-paragraph\">E neste s\u00e1bado, dia 15\/02, acontecer\u00e1 o dia D da\nCampanha contra o Sarampo, e todos os postos de vacina\u00e7\u00e3o estar\u00e3o abertos a partir\ndas 8 horas, para melhor atender a popula\u00e7\u00e3o do nosso munic\u00edpio. Segue a\nrela\u00e7\u00e3o dos Postos de Sa\u00fade em funcionamento neste dia D:<\/p>\n\n\n\n<p class=\"has-text-align-center wp-block-paragraph\"><strong>UBS Zulmira Alves de Souza<\/strong><\/p>\n\n\n\n<p class=\"has-text-align-center wp-block-paragraph\"><strong>UBS Ant\u00f4nio Barros<\/strong><\/p>\n\n\n\n<p class=\"has-text-align-center wp-block-paragraph\"><strong>UBS do Jaqueir\u00e3o<\/strong><\/p>\n\n\n\n<p class=\"has-text-align-center wp-block-paragraph\"><strong>UBS Santa Tereza<\/strong><\/p>\n\n\n\n<p class=\"has-text-align-center wp-block-paragraph\"><strong>UBS do Catimbau<\/strong><\/p>\n\n\n\n<p class=\"has-text-align-center wp-block-paragraph\"><strong>UBS da Serrinha da Prata<\/strong><\/p>\n\n\n\n<p class=\"has-text-align-center wp-block-paragraph\"><strong>UBS da V\u00e1rzea da Serra<\/strong><\/p>\n\n\n\n<p class=\"has-text-align-center wp-block-paragraph\"><strong>UBS Virgem dos Pobres- Iatec\u00e1<\/strong><\/p>\n<div style=\"margin-top: 0px; margin-bottom: 0px;\" class=\"sharethis-inline-share-buttons\" ><\/div>","protected":false},"excerpt":{"rendered":"<p>Crian\u00e7as e adolescentes com idade entre 5 e 19 anos t\u00eam um compromisso com a vacina da tr\u00edplice viral a partir desta semana. A Campanha Nacional de Vacina\u00e7\u00e3o contra o Sarampo para esse p\u00fablico segue intensificada em todas as salas de vacina\u00e7\u00e3o do munic\u00edpio at\u00e9 o dia 13 de mar\u00e7o. A imuniza\u00e7\u00e3o \u00e9 a \u00fanica [&hellip;]<\/p>\n","protected":false},"author":1,"featured_media":10637,"comment_status":"open","ping_status":"open","sticky":false,"template":"","format":"standard","meta":{"footnotes":""},"categories":[2],"tags":[],"class_list":["post-10636","post","type-post","status-publish","format-standard","has-post-thumbnail","hentry","category-noticias-do-dia"],"_links":{"self":[{"href":"https:\/\/www.saloanoticias.com\/v1\/wp-json\/wp\/v2\/posts\/10636","targetHints":{"allow":["GET"]}}],"collection":[{"href":"https:\/\/www.saloanoticias.com\/v1\/wp-json\/wp\/v2\/posts"}],"about":[{"href":"https:\/\/www.saloanoticias.com\/v1\/wp-json\/wp\/v2\/types\/post"}],"author":[{"embeddable":true,"href":"https:\/\/www.saloanoticias.com\/v1\/wp-json\/wp\/v2\/users\/1"}],"replies":[{"embeddable":true,"href":"https:\/\/www.saloanoticias.com\/v1\/wp-json\/wp\/v2\/comments?post=10636"}],"version-history":[{"count":2,"href":"https:\/\/www.saloanoticias.com\/v1\/wp-json\/wp\/v2\/posts\/10636\/revisions"}],"predecessor-version":[{"id":10639,"href":"https:\/\/www.saloanoticias.com\/v1\/wp-json\/wp\/v2\/posts\/10636\/revisions\/10639"}],"wp:featuredmedia":[{"embeddable":true,"href":"https:\/\/www.saloanoticias.com\/v1\/wp-json\/wp\/v2\/media\/10637"}],"wp:attachment":[{"href":"https:\/\/www.saloanoticias.com\/v1\/wp-json\/wp\/v2\/media?parent=10636"}],"wp:term":[{"taxonomy":"category","embeddable":true,"href":"https:\/\/www.saloanoticias.com\/v1\/wp-json\/wp\/v2\/categories?post=10636"},{"taxonomy":"post_tag","embeddable":true,"href":"https:\/\/www.saloanoticias.com\/v1\/wp-json\/wp\/v2\/tags?post=10636"}],"curies":[{"name":"wp","href":"https:\/\/api.w.org\/{rel}","templated":true}]}}